{"id":149786,"date":"2019-10-21T18:33:46","date_gmt":"2019-10-21T20:33:46","guid":{"rendered":"https:\/\/diarioregionaldigital.com.br\/?p=149786"},"modified":"2019-10-21T18:33:46","modified_gmt":"2019-10-21T20:33:46","slug":"flamengo-vence-classico-contra-o-fluminense-pelo-brasileirao","status":"publish","type":"post","link":"https:\/\/diarioregionaldigital.com.br\/?p=149786","title":{"rendered":"FLAMENGO VENCE CL\u00c1SSICO CONTRA O FLUMINENSE PELO BRASILEIR\u00c3O"},"content":{"rendered":"<p>Mais uma vit\u00f3ria na conta do Rubro-Negro carioca! Em domingo de cl\u00e1ssico carioca no Maracan\u00e3, o Flamengo levou a melhor e venceu o Fluminense por 2 a 0, pela 27\u00aa rodada do Brasileir\u00e3o. L\u00edder absoluto do campeonato, o Rubro-Negro chegou ao 14\u00ba jogo sem derrota e soma agora 64 pontos. J\u00e1 o Tricolor tem 29 e caiu para a 15\u00aa posi\u00e7\u00e3o.<\/p>\n<p><strong>O jogo<\/strong><\/p>\n<p>O cl\u00e1ssico come\u00e7ou agitado no Maracan\u00e3. Querendo acumular mais uma vit\u00f3ria na busca pelo t\u00edtulo da S\u00e9rie A, o Flamengo foi logo mostrando as credenciais de l\u00edder absoluto do campeonato. Aos tr\u00eas, Gabriel aproveitou uma falha da defesa tricolor, bateu rasteiro e viu Muriel afastar o perigo pela linha de fundo. Na cobran\u00e7a de escanteio, Everton Ribeiro tocou para Rodinei, que cruzou na medida para Bruno Henrique abrir o placar: 1 a 0. Tentando a resposta imediata, o Fluminense chegou com perigo pelos p\u00e9s de Wellington Nem, aos seis, mas Diego Alves salvou o Rubro-Negro. Em nova chegada no ataque, Gabriel apareceu de novo para o Fla e mais uma vez Muriel evitou o gol do artilheiro. Tomando conta das a\u00e7\u00f5es ofensivas, o Flamengo assustou com Vitinho, Everton Ribeiro e Rodrigo Caio. Do outro lado, o Tricolor teve chances com Wellington Nem, aos 24, e Yony Gonz\u00e1lez, aos 44, mas n\u00e3o conseguiu colocar a bola na rede.<\/p>\n<p>Assim como na etapa inicial, o Flamengo partiu para cima logo no primeiro minuto do segundo tempo. Gabriel aproveitou um vacilo da zaga do Flu, tentou driblar Muriel, s\u00f3 que de novo o arqueiro levou a melhor. As emo\u00e7\u00f5es dos primeiros minutos param por a\u00ed. O Fluminense teve uma boa chance, aos 11, com Nen\u00ea. Mas foi s\u00f3. A partir da\u00ed o duelo perdeu em intensidade at\u00e9 que, aos 21, Reinier tocou para Gerson na entrada da \u00e1rea. O camisa 8 fez o corte seco, Gilberto ainda desviou no meio do caminho e a Lei do Ex se fez presente no FlaFlu: 2 a 0.<\/p>\n<p>Fonte: CBF<\/p>\n","protected":false},"excerpt":{"rendered":"<p>Mais uma vit\u00f3ria na conta do Rubro-Negro carioca! Em domingo de cl\u00e1ssico carioca no Maracan\u00e3, o Flamengo levou a melhor e venceu o Fluminense por 2 a 0, pela 27\u00aa rodada do Brasileir\u00e3o. L\u00edder absoluto do campeonato, o Rubro-Negro chegou ao 14\u00ba jogo sem derrota e soma agora 64 pontos. J\u00e1 o Tricolor tem 29 [&hellip;]<\/p>\n","protected":false},"author":96,"featured_media":149787,"comment_status":"closed","ping_status":"closed","sticky":false,"template":"","format":"standard","meta":{"footnotes":""},"categories":[436,257,439],"tags":[],"class_list":["post-149786","post","type-post","status-publish","format-standard","has-post-thumbnail","hentry","category-destaque-da-semana","category-esporte","category-ultima-hora"],"_links":{"self":[{"href":"https:\/\/diarioregionaldigital.com.br\/index.php?rest_route=\/wp\/v2\/posts\/149786","targetHints":{"allow":["GET"]}}],"collection":[{"href":"https:\/\/diarioregionaldigital.com.br\/index.php?rest_route=\/wp\/v2\/posts"}],"about":[{"href":"https:\/\/diarioregionaldigital.com.br\/index.php?rest_route=\/wp\/v2\/types\/post"}],"author":[{"embeddable":true,"href":"https:\/\/diarioregionaldigital.com.br\/index.php?rest_route=\/wp\/v2\/users\/96"}],"replies":[{"embeddable":true,"href":"https:\/\/diarioregionaldigital.com.br\/index.php?rest_route=%2Fwp%2Fv2%2Fcomments&post=149786"}],"version-history":[{"count":0,"href":"https:\/\/diarioregionaldigital.com.br\/index.php?rest_route=\/wp\/v2\/posts\/149786\/revisions"}],"wp:featuredmedia":[{"embeddable":true,"href":"https:\/\/diarioregionaldigital.com.br\/index.php?rest_route=\/wp\/v2\/media\/149787"}],"wp:attachment":[{"href":"https:\/\/diarioregionaldigital.com.br\/index.php?rest_route=%2Fwp%2Fv2%2Fmedia&parent=149786"}],"wp:term":[{"taxonomy":"category","embeddable":true,"href":"https:\/\/diarioregionaldigital.com.br\/index.php?rest_route=%2Fwp%2Fv2%2Fcategories&post=149786"},{"taxonomy":"post_tag","embeddable":true,"href":"https:\/\/diarioregionaldigital.com.br\/index.php?rest_route=%2Fwp%2Fv2%2Ftags&post=149786"}],"curies":[{"name":"wp","href":"https:\/\/api.w.org\/{rel}","templated":true}]}}