{"id":149785,"date":"2019-10-21T18:35:20","date_gmt":"2019-10-21T20:35:20","guid":{"rendered":"https:\/\/diarioregionaldigital.com.br\/?p=149785"},"modified":"2019-10-21T18:35:20","modified_gmt":"2019-10-21T20:35:20","slug":"vasco-bate-o-internacional-fora-de-casa-pela-27a-rodada-da-serie-a","status":"publish","type":"post","link":"https:\/\/diarioregionaldigital.com.br\/?p=149785","title":{"rendered":"VASCO BATE O INTERNACIONAL FORA DE CASA PELA 27\u00aa RODADA DA S\u00c9RIE A"},"content":{"rendered":"<p>Deu Vasco em Porto Alegre! Pela 27\u00aa rodada, o Cruzmaltino visitou o Internacional, na tarde deste domingo (20), e imp\u00f4s ao Colorado a primeira derrota em casa pelo Brasileir\u00e3o. Com 1 a 0 no placar, a equipe carioca chegou aos 37 pontos e segue na 11\u00aa posi\u00e7\u00e3o. J\u00e1 o Inter \u00e9 o sexto colocado, com 42 pontos.<\/p>\n<p>&nbsp;<\/p>\n<p><strong>O JOGO<\/strong><\/p>\n<p>Inter e Vasco protagonizaram um in\u00edcio de jogo de poucas chances. No Beira-Rio foram os visitantes que assustaram primeiro. Aos 23 minutos, Felipe Ferreira soltou o p\u00e9 para boa defesa de Marcelo Lomba. Na sobra, Rossi recolocou a bola na \u00e1rea e Heitor na tentativa de afastar o perigo quase mandou contra o pr\u00f3prio gol. A resposta colorada veio logo na sequ\u00eancia com D&#8217;Alessandro. O meia arriscou o chute de fora da \u00e1rea e viu Fernando Miguel se esticar todo para salvar o Cruzmaltino. Minutos antes do intervalo, os cariocas tiveram uma \u00faltima chance. Na marca dos 51, Marrony achou Ribamar na boa, o atacante saiu em velocidade e chutou com perigo.<\/p>\n<p>Se no primeiro tempo n\u00e3o teve bola na rede, na volta do intervalo, o Vasco precisou de apenas sete minutos para abrir a contagem. Marrony recebeu \u00f3timo cruzamento de Henrique e desviou para a chegada de Rossi. O camisa 7 bateu no cantinho e fez a defesa. Mas no rebote, a bola sobrou na boa para Marrony estufar as redes: 1 a 0. Correndo atr\u00e1s do preju\u00edzo, o Inter passou a controlar a posse de bola. E chegou a criar boa oportunidades com D&#8217;Alessandro, Sarrafiore, Victor Cuesta e Guerrero, mas parou na \u00f3tima atua\u00e7\u00e3o do goleiro Fernando Miguel.<\/p>\n<p>Fonte: CBF<\/p>\n","protected":false},"excerpt":{"rendered":"<p>Deu Vasco em Porto Alegre! Pela 27\u00aa rodada, o Cruzmaltino visitou o Internacional, na tarde deste domingo (20), e imp\u00f4s ao Colorado a primeira derrota em casa pelo Brasileir\u00e3o. Com 1 a 0 no placar, a equipe carioca chegou aos 37 pontos e segue na 11\u00aa posi\u00e7\u00e3o. J\u00e1 o Inter \u00e9 o sexto colocado, com [&hellip;]<\/p>\n","protected":false},"author":96,"featured_media":149789,"comment_status":"closed","ping_status":"closed","sticky":false,"template":"","format":"standard","meta":{"footnotes":""},"categories":[436,257,439],"tags":[],"class_list":["post-149785","post","type-post","status-publish","format-standard","has-post-thumbnail","hentry","category-destaque-da-semana","category-esporte","category-ultima-hora"],"_links":{"self":[{"href":"https:\/\/diarioregionaldigital.com.br\/index.php?rest_route=\/wp\/v2\/posts\/149785","targetHints":{"allow":["GET"]}}],"collection":[{"href":"https:\/\/diarioregionaldigital.com.br\/index.php?rest_route=\/wp\/v2\/posts"}],"about":[{"href":"https:\/\/diarioregionaldigital.com.br\/index.php?rest_route=\/wp\/v2\/types\/post"}],"author":[{"embeddable":true,"href":"https:\/\/diarioregionaldigital.com.br\/index.php?rest_route=\/wp\/v2\/users\/96"}],"replies":[{"embeddable":true,"href":"https:\/\/diarioregionaldigital.com.br\/index.php?rest_route=%2Fwp%2Fv2%2Fcomments&post=149785"}],"version-history":[{"count":0,"href":"https:\/\/diarioregionaldigital.com.br\/index.php?rest_route=\/wp\/v2\/posts\/149785\/revisions"}],"wp:featuredmedia":[{"embeddable":true,"href":"https:\/\/diarioregionaldigital.com.br\/index.php?rest_route=\/wp\/v2\/media\/149789"}],"wp:attachment":[{"href":"https:\/\/diarioregionaldigital.com.br\/index.php?rest_route=%2Fwp%2Fv2%2Fmedia&parent=149785"}],"wp:term":[{"taxonomy":"category","embeddable":true,"href":"https:\/\/diarioregionaldigital.com.br\/index.php?rest_route=%2Fwp%2Fv2%2Fcategories&post=149785"},{"taxonomy":"post_tag","embeddable":true,"href":"https:\/\/diarioregionaldigital.com.br\/index.php?rest_route=%2Fwp%2Fv2%2Ftags&post=149785"}],"curies":[{"name":"wp","href":"https:\/\/api.w.org\/{rel}","templated":true}]}}