{"id":149782,"date":"2019-10-21T18:30:10","date_gmt":"2019-10-21T20:30:10","guid":{"rendered":"https:\/\/diarioregionaldigital.com.br\/?p=149782"},"modified":"2019-10-21T18:30:10","modified_gmt":"2019-10-21T20:30:10","slug":"cadastramento-em-creches-para-2020-ja-comecou","status":"publish","type":"post","link":"https:\/\/diarioregionaldigital.com.br\/?p=149782","title":{"rendered":"Cadastramento em creches para 2020 j\u00e1 come\u00e7ou"},"content":{"rendered":"<p>Teve in\u00edcio nesta segunda-feira, 21, o per\u00edodo de cadastramento para creches p\u00fablicas ou conveniadas \u00e0 Prefeitura de Juiz de Fora (PJF).\u00a0 Sendo assim, as fam\u00edlias que buscam vagas para seus filhos j\u00e1 podem efetuar o cadastramento de crian\u00e7as de zero a tr\u00eas anos e 11 meses de idade.O procedimento n\u00e3o \u00e9 garantia de vaga. As creches oferecem atendimento em tempo integral de, no m\u00ednimo, sete horas di\u00e1rias. Atualmente, a rede municipal atende mais de 4.650 crian\u00e7as.<\/p>\n<p>O cadastro dever\u00e1 ser feito no Centro de Forma\u00e7\u00e3o do Professor, na Secretaria de Educa\u00e7\u00e3o (SE) e nas unidades do Espa\u00e7o Cidad\u00e3o JF (Sul, Norte, Oeste e Nordeste), de acordo com o hor\u00e1rio de funcionamento. Conforme a PJF, o prazo para inscri\u00e7\u00f5es vai at\u00e9 1\u00b0 de novembro, com exce\u00e7\u00e3o do dia 28 de outubro (Dia do Servidor P\u00fablico).<\/p>\n<p>Ainda conforme as informa\u00e7\u00f5es do Executivo, o cadastramento inclui as 46 creches p\u00fablicas e conveniadas. No caso das crian\u00e7as j\u00e1 inscritas, mas que n\u00e3o tenham sido contempladas com a vaga at\u00e9 11 de outubro de 2019, os respons\u00e1veis dever\u00e3o realizar novo cadastramento para 2020.<\/p>\n<p>Para realiza\u00e7\u00e3o do processo ser\u00e3o exigidas as vers\u00f5es original e c\u00f3pia dos seguintes documentos: comprovante de resid\u00eancia (luz ou telefone); documento de identidade do respons\u00e1vel pela crian\u00e7a e de todos os adultos da casa; certid\u00e3o de nascimento de todas as crian\u00e7as e adolescentes residentes na casa (de zero a 17 anos); comprovante de renda de todos os maiores de 18 anos da casa; laudo m\u00e9dico para as crian\u00e7as com defici\u00eancia ou neoplasia, e, caso a fam\u00edlia tenha algum dependente por doen\u00e7a, deve-se incluir no laudo o nome do cuidador dessa pessoa. A PJF refor\u00e7a que \u00e9 obrigat\u00f3ria a apresenta\u00e7\u00e3o de carteira de trabalho, inclusive dos aut\u00f4nomos.<\/p>\n<p>Al\u00e9m destes, dever\u00e3o ser apresentados tamb\u00e9m os documentos originais da guarda formal da crian\u00e7a, caso n\u00e3o seja o pai ou a m\u00e3e a fazer o cadastro; o comprovante de matr\u00edcula na creche, caso a crian\u00e7a j\u00e1 tenha irm\u00e3ofrequentando a mesma unidade; o N\u00famero de Inscri\u00e7\u00e3o Social (NIS) da crian\u00e7a; declara\u00e7\u00e3o escolar da m\u00e3e adolescente matriculada em escola p\u00fablica (se for o caso); encaminhamento ou outro documento comprobat\u00f3rio, caso a fam\u00edlia esteja passando por alguma situa\u00e7\u00e3o de vulnerabilidade social e esteja acompanhada pela Vara da Inf\u00e2ncia, Conselho Tutelar, centros de Refer\u00eancia Especializado de Assist\u00eancia Social (Creas e Cras) e casas de Acolhimento ou da Mulher, entre outros \u00f3rg\u00e3os.<\/p>\n<p>As crian\u00e7as que j\u00e1 est\u00e3o matriculadas nas creches ter\u00e3o vaga garantida automaticamente para o pr\u00f3ximo ano. Para isso, os respons\u00e1veis legais dever\u00e3o comparecer \u00e0 creche e renovar a matr\u00edcula.<\/p>\n<p>A PJF ressalta que a classifica\u00e7\u00e3o seguir\u00e1 crit\u00e9rios de vulnerabilidade social. D\u00favidas podem ser esclarecidas na SE, pelos telefones 3690-7721 e 3690-7995.<\/p>\n<p><strong>Confira os endere\u00e7os dos Espa\u00e7os Cidad\u00e3o onde o cadastro pode ser feito:<\/strong><\/p>\n<p>&#8211; Centro de Forma\u00e7\u00e3o do Professor, na SE: Avenida Get\u00falio Vargas,200 \u2013 Centro<\/p>\n<p>&#8211; Sul: Rua Porto das Flores, 270 \u2013 Bairro Santa Luzia<\/p>\n<p>&#8211; Oeste: Rua Orestes Fabiano Alves, 65 \u2013 S\u00e3o Pedro<\/p>\n<p>&#8211; Norte: Rua In\u00eas Garcia, 357 \u2013 Benfica<\/p>\n<p>&#8211; Nordeste: Rua Santa Terezinha, 172 \u2013 Santa Terezinha<\/p>\n<p>&nbsp;<\/p>\n","protected":false},"excerpt":{"rendered":"<p>Teve in\u00edcio nesta segunda-feira, 21, o per\u00edodo de cadastramento para creches p\u00fablicas ou conveniadas \u00e0 Prefeitura de Juiz de Fora (PJF).\u00a0 Sendo assim, as fam\u00edlias que buscam vagas para seus filhos j\u00e1 podem efetuar o cadastramento de crian\u00e7as de zero a tr\u00eas anos e 11 meses de idade.O procedimento n\u00e3o \u00e9 garantia de vaga. As [&hellip;]<\/p>\n","protected":false},"author":96,"featured_media":149783,"comment_status":"closed","ping_status":"closed","sticky":false,"template":"","format":"standard","meta":{"footnotes":""},"categories":[253,436,440,439],"tags":[],"class_list":["post-149782","post","type-post","status-publish","format-standard","has-post-thumbnail","hentry","category-cidade","category-destaque-da-semana","category-destaques-do-dia","category-ultima-hora"],"_links":{"self":[{"href":"https:\/\/diarioregionaldigital.com.br\/index.php?rest_route=\/wp\/v2\/posts\/149782","targetHints":{"allow":["GET"]}}],"collection":[{"href":"https:\/\/diarioregionaldigital.com.br\/index.php?rest_route=\/wp\/v2\/posts"}],"about":[{"href":"https:\/\/diarioregionaldigital.com.br\/index.php?rest_route=\/wp\/v2\/types\/post"}],"author":[{"embeddable":true,"href":"https:\/\/diarioregionaldigital.com.br\/index.php?rest_route=\/wp\/v2\/users\/96"}],"replies":[{"embeddable":true,"href":"https:\/\/diarioregionaldigital.com.br\/index.php?rest_route=%2Fwp%2Fv2%2Fcomments&post=149782"}],"version-history":[{"count":0,"href":"https:\/\/diarioregionaldigital.com.br\/index.php?rest_route=\/wp\/v2\/posts\/149782\/revisions"}],"wp:featuredmedia":[{"embeddable":true,"href":"https:\/\/diarioregionaldigital.com.br\/index.php?rest_route=\/wp\/v2\/media\/149783"}],"wp:attachment":[{"href":"https:\/\/diarioregionaldigital.com.br\/index.php?rest_route=%2Fwp%2Fv2%2Fmedia&parent=149782"}],"wp:term":[{"taxonomy":"category","embeddable":true,"href":"https:\/\/diarioregionaldigital.com.br\/index.php?rest_route=%2Fwp%2Fv2%2Fcategories&post=149782"},{"taxonomy":"post_tag","embeddable":true,"href":"https:\/\/diarioregionaldigital.com.br\/index.php?rest_route=%2Fwp%2Fv2%2Ftags&post=149782"}],"curies":[{"name":"wp","href":"https:\/\/api.w.org\/{rel}","templated":true}]}}