{"id":149767,"date":"2019-10-21T18:05:09","date_gmt":"2019-10-21T20:05:09","guid":{"rendered":"https:\/\/diarioregionaldigital.com.br\/?p=149767"},"modified":"2019-10-21T18:05:09","modified_gmt":"2019-10-21T20:05:09","slug":"anvisa-define-requisitos-para-envasamento-de-agua-do-mar-dessalinizada","status":"publish","type":"post","link":"https:\/\/diarioregionaldigital.com.br\/?p=149767","title":{"rendered":"Anvisa define requisitos para envasamento de \u00e1gua do mar dessalinizada"},"content":{"rendered":"<p>Com a resolu\u00e7\u00e3o 316\/2019, da Diretoria Colegiada da Ag\u00eancia Nacional de Vigil\u00e2ncia Sanit\u00e1ria (Anvisa), o Brasil passa a ter, a partir de agora, quatro tipos de \u00e1gua envasada: \u00e1gua mineral natural, \u00e1gua natural, \u00e1gua adicionada de sais e \u00e1gua do mar dessalinizada pot\u00e1vel. A resolu\u00e7\u00e3o foi publicada no\u00a0<a href=\"http:\/\/www.in.gov.br\/web\/dou\/-\/resolucao-rdc-n-316-de-17-de-outubro-de-2019-222640232\">Di\u00e1rio Oficial da Uni\u00e3o<\/a>\u00a0da \u00faltima sexta-feira (18).<\/p>\n<p>Antes disso, somente as fontes de \u00e1gua doce eram autorizadas para a produ\u00e7\u00e3o de \u00e1gua envasada. A \u00e1gua do mar deve ser registrada na Anvisa, que avaliar\u00e1 a forma de capta\u00e7\u00e3o, o procedimento de dessaliniza\u00e7\u00e3o, o atendimento ao padr\u00e3o de potabilidade para a concess\u00e3o de autoriza\u00e7\u00e3o e a especifica\u00e7\u00e3o final do produto\u201d.<\/p>\n<p>De acordo com a normativa, as empresas interessadas em envasar a \u00e1gua marinha dessalinizada pot\u00e1vel ter\u00e3o um prazo de dois anos para adequar os produtos, atualmente registrados na Anvisa na categoria de alimento novo, \u00e0 nova regulamenta\u00e7\u00e3o.<\/p>\n<p>Para fins de registro, dever\u00e1 ser submetida \u00e0 Ag\u00eancia toda a documenta\u00e7\u00e3o que comprove o atendimento dos crit\u00e9rios estabelecidos, a autoriza\u00e7\u00e3o de capta\u00e7\u00e3o da \u00e1gua e licenciamentos emitidos pelos \u00f3rg\u00e3os ambientais competentes.<\/p>\n<p>Fonte: Ag\u00eancia Brasil<\/p>\n","protected":false},"excerpt":{"rendered":"<p>Com a resolu\u00e7\u00e3o 316\/2019, da Diretoria Colegiada da Ag\u00eancia Nacional de Vigil\u00e2ncia Sanit\u00e1ria (Anvisa), o Brasil passa a ter, a partir de agora, quatro tipos de \u00e1gua envasada: \u00e1gua mineral natural, \u00e1gua natural, \u00e1gua adicionada de sais e \u00e1gua do mar dessalinizada pot\u00e1vel. A resolu\u00e7\u00e3o foi publicada no\u00a0Di\u00e1rio Oficial da Uni\u00e3o\u00a0da \u00faltima sexta-feira (18). Antes [&hellip;]<\/p>\n","protected":false},"author":96,"featured_media":105072,"comment_status":"closed","ping_status":"closed","sticky":false,"template":"","format":"standard","meta":{"footnotes":""},"categories":[436,261,439],"tags":[],"class_list":["post-149767","post","type-post","status-publish","format-standard","has-post-thumbnail","hentry","category-destaque-da-semana","category-economia","category-ultima-hora"],"_links":{"self":[{"href":"https:\/\/diarioregionaldigital.com.br\/index.php?rest_route=\/wp\/v2\/posts\/149767","targetHints":{"allow":["GET"]}}],"collection":[{"href":"https:\/\/diarioregionaldigital.com.br\/index.php?rest_route=\/wp\/v2\/posts"}],"about":[{"href":"https:\/\/diarioregionaldigital.com.br\/index.php?rest_route=\/wp\/v2\/types\/post"}],"author":[{"embeddable":true,"href":"https:\/\/diarioregionaldigital.com.br\/index.php?rest_route=\/wp\/v2\/users\/96"}],"replies":[{"embeddable":true,"href":"https:\/\/diarioregionaldigital.com.br\/index.php?rest_route=%2Fwp%2Fv2%2Fcomments&post=149767"}],"version-history":[{"count":0,"href":"https:\/\/diarioregionaldigital.com.br\/index.php?rest_route=\/wp\/v2\/posts\/149767\/revisions"}],"wp:featuredmedia":[{"embeddable":true,"href":"https:\/\/diarioregionaldigital.com.br\/index.php?rest_route=\/wp\/v2\/media\/105072"}],"wp:attachment":[{"href":"https:\/\/diarioregionaldigital.com.br\/index.php?rest_route=%2Fwp%2Fv2%2Fmedia&parent=149767"}],"wp:term":[{"taxonomy":"category","embeddable":true,"href":"https:\/\/diarioregionaldigital.com.br\/index.php?rest_route=%2Fwp%2Fv2%2Fcategories&post=149767"},{"taxonomy":"post_tag","embeddable":true,"href":"https:\/\/diarioregionaldigital.com.br\/index.php?rest_route=%2Fwp%2Fv2%2Ftags&post=149767"}],"curies":[{"name":"wp","href":"https:\/\/api.w.org\/{rel}","templated":true}]}}