{"id":149764,"date":"2019-10-21T16:46:46","date_gmt":"2019-10-21T18:46:46","guid":{"rendered":"https:\/\/diarioregionaldigital.com.br\/?p=149764"},"modified":"2019-10-21T16:46:46","modified_gmt":"2019-10-21T18:46:46","slug":"caso-unico-no-mundo-diz-mourao-sobre-manchas-de-oleo-no-nordeste","status":"publish","type":"post","link":"https:\/\/diarioregionaldigital.com.br\/?p=149764","title":{"rendered":"&#8220;Caso \u00fanico no mundo&#8221;, diz Mour\u00e3o sobre manchas de \u00f3leo no Nordeste"},"content":{"rendered":"<p>O presidente em exerc\u00edcio, Hamilton Mour\u00e3o, disse\u00a0<span id=\"OBJ_PREFIX_DWT2565_com_zimbra_date\" role=\"link\"><span id=\"OBJ_PREFIX_DWT2572_com_zimbra_date\" role=\"link\">hoje<\/span><\/span>\u00a0(21) que as medidas de conten\u00e7\u00e3o da macha de \u00f3leo que avan\u00e7a sob o Nordeste s\u00e3o complicadas pois, como n\u00e3o se consegue detectar a origem do vazamento, n\u00e3o h\u00e1 previsibilidade sobre o seu caminho. &#8220;\u00c9 um caso \u00fanico no mundo. As pr\u00f3prias medidas de conten\u00e7\u00e3o s\u00e3o complicadas, o m\u00e1ximo que a gente pode fazer\u00a0<span id=\"OBJ_PREFIX_DWT2566_com_zimbra_date\" role=\"link\"><span id=\"OBJ_PREFIX_DWT2573_com_zimbra_date\" role=\"link\">hoje<\/span><\/span>\u00a0\u00e9\u00a0<span id=\"OBJ_PREFIX_DWT2567_com_zimbra_date\" role=\"link\"><span id=\"OBJ_PREFIX_DWT2574_com_zimbra_date\" role=\"link\">ter<\/span><\/span>\u00a0gente capacitada para recolher esse \u00f3leo que chega \u00e0s praias e \u00e9 isso que estamos fazendo&#8221;, disse, ao deixar o gabinete da Vice-Presid\u00eancia, no Pal\u00e1cio do Planalto, em Bras\u00edlia.<\/p>\n<p>Mour\u00e3o destacou que todas as medidas do Plano Nacional de Conting\u00eancia foram tomadas e que o Instituto Brasileiro do Meio Ambiente e dos Recursos Naturais Renov\u00e1veis (Ibama) est\u00e1 \u00e0\u00a0frente da opera\u00e7\u00e3o com apoio de outros \u00f3rg\u00e3os, como Marinha e Petrobras. O governo tamb\u00e9m continua a busca para saber a causa do desastre ambiental. Nesta tarde, o presidente em exerc\u00edcio se re\u00fane com autoridades para avaliar a situa\u00e7\u00e3o.<\/p>\n<p>De acordo com o Ibama, o petr\u00f3leo cru que chegou ao litoral do Nordeste est\u00e1 em uma camada superficial, que n\u00e3o pode ser visualizado em imagens de sat\u00e9lites, sobrevoos e monitoramento por sensores. Mais de 525 toneladas de res\u00edduos j\u00e1 foram\u00a0recolhidas das praias.<\/p>\n<h2>Viagem ao Peru<\/h2>\n<p>Na\u00a0<span id=\"OBJ_PREFIX_DWT2569_com_zimbra_date\" role=\"link\"><span id=\"OBJ_PREFIX_DWT2576_com_zimbra_date\" role=\"link\">quarta<\/span><\/span>-feira (23), Mour\u00e3o viaja ao Peru para a assinatura de um acordo entre a Marinha\u00a0brasileira e a peruana para troca de embarca\u00e7\u00f5es. Em Lima, ele se re\u00fane com o Conselho de Ministros e com o presidente do Peru, Mart\u00edn Vizcarra. A previs\u00e3o \u00e9 que o vice-presidente retorne na\u00a0<span id=\"OBJ_PREFIX_DWT2570_com_zimbra_date\" role=\"link\"><span id=\"OBJ_PREFIX_DWT2577_com_zimbra_date\" role=\"link\">sexta<\/span><\/span>-feira (25).<\/p>\n<p>Mour\u00e3o assumiu a Presid\u00eancia com a viagem do presidente Jair Bolsonaro ao Jap\u00e3o. Bolsonaro far\u00e1 um giro<span id=\"OBJ_PREFIX_DWT2571_com_zimbra_date\" role=\"link\">\u00a0de dez<\/span>\u00a0dias por cinco pa\u00edses da \u00c1sia e do Oriente M\u00e9dio. Como o presidente da C\u00e2mara, Rodrigo Maia, tamb\u00e9m deve sair do pa\u00eds\u00a0enquanto Mour\u00e3o estiver no Peru, o presidente do Senado, Davi Alcolumbre deve assumir o Executivo.<\/p>\n<p>Antes disso, amanh\u00e3 (22), Alcolumbre comanda a sess\u00e3o de vota\u00e7\u00e3o em segundo turno do texto principal da reforma da Previd\u00eancia, pelo plen\u00e1rio do Senado. Para Mour\u00e3o, a expectativa \u00e9 que o texto seja aprovado\u00a0com tranquilidade. \u201cPela conversa que tive com o Davi Alcolumbre desde a semana passada, ele n\u00e3o v\u00ea problemas na vota\u00e7\u00e3o de amanh\u00e3\u201d, disse.<\/p>\n<p>Fonte: Ag\u00eancia Brasil<\/p>\n","protected":false},"excerpt":{"rendered":"<p>O presidente em exerc\u00edcio, Hamilton Mour\u00e3o, disse\u00a0hoje\u00a0(21) que as medidas de conten\u00e7\u00e3o da macha de \u00f3leo que avan\u00e7a sob o Nordeste s\u00e3o complicadas pois, como n\u00e3o se consegue detectar a origem do vazamento, n\u00e3o h\u00e1 previsibilidade sobre o seu caminho. &#8220;\u00c9 um caso \u00fanico no mundo. As pr\u00f3prias medidas de conten\u00e7\u00e3o s\u00e3o complicadas, o m\u00e1ximo [&hellip;]<\/p>\n","protected":false},"author":96,"featured_media":149765,"comment_status":"closed","ping_status":"closed","sticky":false,"template":"","format":"standard","meta":{"footnotes":""},"categories":[436,254,439],"tags":[],"class_list":["post-149764","post","type-post","status-publish","format-standard","has-post-thumbnail","hentry","category-destaque-da-semana","category-politica","category-ultima-hora"],"_links":{"self":[{"href":"https:\/\/diarioregionaldigital.com.br\/index.php?rest_route=\/wp\/v2\/posts\/149764","targetHints":{"allow":["GET"]}}],"collection":[{"href":"https:\/\/diarioregionaldigital.com.br\/index.php?rest_route=\/wp\/v2\/posts"}],"about":[{"href":"https:\/\/diarioregionaldigital.com.br\/index.php?rest_route=\/wp\/v2\/types\/post"}],"author":[{"embeddable":true,"href":"https:\/\/diarioregionaldigital.com.br\/index.php?rest_route=\/wp\/v2\/users\/96"}],"replies":[{"embeddable":true,"href":"https:\/\/diarioregionaldigital.com.br\/index.php?rest_route=%2Fwp%2Fv2%2Fcomments&post=149764"}],"version-history":[{"count":0,"href":"https:\/\/diarioregionaldigital.com.br\/index.php?rest_route=\/wp\/v2\/posts\/149764\/revisions"}],"wp:featuredmedia":[{"embeddable":true,"href":"https:\/\/diarioregionaldigital.com.br\/index.php?rest_route=\/wp\/v2\/media\/149765"}],"wp:attachment":[{"href":"https:\/\/diarioregionaldigital.com.br\/index.php?rest_route=%2Fwp%2Fv2%2Fmedia&parent=149764"}],"wp:term":[{"taxonomy":"category","embeddable":true,"href":"https:\/\/diarioregionaldigital.com.br\/index.php?rest_route=%2Fwp%2Fv2%2Fcategories&post=149764"},{"taxonomy":"post_tag","embeddable":true,"href":"https:\/\/diarioregionaldigital.com.br\/index.php?rest_route=%2Fwp%2Fv2%2Ftags&post=149764"}],"curies":[{"name":"wp","href":"https:\/\/api.w.org\/{rel}","templated":true}]}}