{"id":149692,"date":"2019-10-20T06:00:49","date_gmt":"2019-10-20T08:00:49","guid":{"rendered":"https:\/\/diarioregionaldigital.com.br\/?p=149692"},"modified":"2019-10-17T19:37:30","modified_gmt":"2019-10-17T22:37:30","slug":"rodrygo-e-vinicius-junior-estao-entre-finalistas-do-golden-boy","status":"publish","type":"post","link":"https:\/\/diarioregionaldigital.com.br\/?p=149692","title":{"rendered":"Rodrygo e Vinicius Junior est\u00e3o entre finalistas do Golden Boy"},"content":{"rendered":"<p>Os jovens craques brasileiros Vinicius Junior e Rodrygo est\u00e3o entre os finalistas do Pr\u00eamio Golden Boy 2019! A lista com 20 nomes dos indicados\u00a0foi divulgada no in\u00edcio da \u00faltima semana pelo jornal italiano\u00a0<em>Tuttosport<\/em>\u00a0e conta com os atacantes do Real Madrid, ambos atletas sub-21.<\/p>\n<p>Vinicius Junior, com 19 anos, est\u00e1 iniciando a segunda temporada europeia defendendo o clube espanhol e j\u00e1 figurou entre os melhores da base na \u00faltima edi\u00e7\u00e3o do pr\u00eamio, onde terminou em quinto lugar. Rodrygo, com 18, chegou ao Real neste ano e \u00e9 a principal novidade entre os brazucas.<\/p>\n<p>O jornal italiano premia o melhor jogador com idade abaixo de 21 anos desde 2003.\u00a0De 100 nomes, 80 foram cortados e o vencedor ser\u00e1 conhecido no dia 16 de dezembro. A rela\u00e7\u00e3o final \u00e9 votada por 40 jornalistas dos principais ve\u00edculos de imprensa na Europa.\u00a0Al\u00e9m disso h\u00e1 uma vota\u00e7\u00e3o no site do jornal, que dar\u00e1 o pr\u00eamio &#8220;Golden Boy Web&#8221; ao mais votado.<\/p>\n<p>O Brasil j\u00e1 conquistou o pr\u00eamio em duas ocasi\u00f5es: em 2008, com Anderson, e em 2009, com Alexandre Pato.<\/p>\n<p><strong>Confira a lista dos 20 finalistas do Golden Boy 2019:<\/strong><br \/>\nVinicius Jr. (Real Madrid\/Brasil)<br \/>\nRodrygo (Real Madrid\/Brasil)<br \/>\nMatthijs de Ligt (Juventus\/Holanda)<br \/>\nAlphonso Davies (Bayern de Munique\/Canad\u00e1)<br \/>\nGianluigi Donnarumma (Milan\/It\u00e1lia)<br \/>\nAnsu Fati (Barcelona\/Espanha)<br \/>\nPhil Foden (Manchester City\/Inglaterra)<br \/>\nMatt\u00e9o Guendouzi (Arsenal\/Fran\u00e7a)<br \/>\nErling Haland (RB Salzburg\/Noruega)<br \/>\nKai Havertz (Bayer Leverkusen\/Alemanha)<br \/>\nJo\u00e3o F\u00e9lix (Atl\u00e9tico de Madrid\/Portugal)<br \/>\nDejan Joveljic (Eintracht Frankfurt\/S\u00e9rvia)<br \/>\nMoise Kean (Everton\/It\u00e1lia)<br \/>\nKang-in Lee (Valencia\/Coreia do Sul)<br \/>\nAndrij Lunin (Valladolid\/Ucr\u00e2nia)<br \/>\nDonyell Malen (PSV\/Holanda)<br \/>\nMason Mount (Chelsea\/Inglaterra)<br \/>\nJadon Sancho (Borussia Dortmund\/Inglaterra)<br \/>\nFerran Torres (Valencia\/Espanha)<br \/>\nNicol\u00f2 Zaniolo (Roma\/It\u00e1lia)<\/p>\n<p>&nbsp;<\/p>\n<p>&nbsp;<\/p>\n<p>Fonte: CBF<\/p>\n","protected":false},"excerpt":{"rendered":"<p>Os jovens craques brasileiros Vinicius Junior e Rodrygo est\u00e3o entre os finalistas do Pr\u00eamio Golden Boy 2019! A lista com 20 nomes dos indicados\u00a0foi divulgada no in\u00edcio da \u00faltima semana pelo jornal italiano\u00a0Tuttosport\u00a0e conta com os atacantes do Real Madrid, ambos atletas sub-21. Vinicius Junior, com 19 anos, est\u00e1 iniciando a segunda temporada europeia defendendo [&hellip;]<\/p>\n","protected":false},"author":96,"featured_media":149670,"comment_status":"closed","ping_status":"closed","sticky":false,"template":"","format":"standard","meta":{"footnotes":""},"categories":[436,257,439],"tags":[],"class_list":["post-149692","post","type-post","status-publish","format-standard","has-post-thumbnail","hentry","category-destaque-da-semana","category-esporte","category-ultima-hora"],"_links":{"self":[{"href":"https:\/\/diarioregionaldigital.com.br\/index.php?rest_route=\/wp\/v2\/posts\/149692","targetHints":{"allow":["GET"]}}],"collection":[{"href":"https:\/\/diarioregionaldigital.com.br\/index.php?rest_route=\/wp\/v2\/posts"}],"about":[{"href":"https:\/\/diarioregionaldigital.com.br\/index.php?rest_route=\/wp\/v2\/types\/post"}],"author":[{"embeddable":true,"href":"https:\/\/diarioregionaldigital.com.br\/index.php?rest_route=\/wp\/v2\/users\/96"}],"replies":[{"embeddable":true,"href":"https:\/\/diarioregionaldigital.com.br\/index.php?rest_route=%2Fwp%2Fv2%2Fcomments&post=149692"}],"version-history":[{"count":0,"href":"https:\/\/diarioregionaldigital.com.br\/index.php?rest_route=\/wp\/v2\/posts\/149692\/revisions"}],"wp:featuredmedia":[{"embeddable":true,"href":"https:\/\/diarioregionaldigital.com.br\/index.php?rest_route=\/wp\/v2\/media\/149670"}],"wp:attachment":[{"href":"https:\/\/diarioregionaldigital.com.br\/index.php?rest_route=%2Fwp%2Fv2%2Fmedia&parent=149692"}],"wp:term":[{"taxonomy":"category","embeddable":true,"href":"https:\/\/diarioregionaldigital.com.br\/index.php?rest_route=%2Fwp%2Fv2%2Fcategories&post=149692"},{"taxonomy":"post_tag","embeddable":true,"href":"https:\/\/diarioregionaldigital.com.br\/index.php?rest_route=%2Fwp%2Fv2%2Ftags&post=149692"}],"curies":[{"name":"wp","href":"https:\/\/api.w.org\/{rel}","templated":true}]}}