{"id":149681,"date":"2019-10-20T06:00:51","date_gmt":"2019-10-20T08:00:51","guid":{"rendered":"https:\/\/diarioregionaldigital.com.br\/?p=149681"},"modified":"2019-10-17T19:28:47","modified_gmt":"2019-10-17T22:28:47","slug":"em-defesa-de-fernanda","status":"publish","type":"post","link":"https:\/\/diarioregionaldigital.com.br\/?p=149681","title":{"rendered":"EM DEFESA DE FERNANDA"},"content":{"rendered":"<p>Estamos vivendo um tempo inacredit\u00e1vel de perplexidade. A agress\u00e3o a Fernanda Montenegro, partida de um funcion\u00e1rio da Secretaria Nacional de Cultura, toca as raias do absurdo. Na verdade, fere toda a classe art\u00edstica, que ela representa t\u00e3o bem e h\u00e1 tantos anos. A \u00faltima sess\u00e3o da Academia Brasileira de Letras registrou manifesta\u00e7\u00e3o un\u00e2nime de rep\u00fadio.<\/p>\n<p>Conhe\u00e7o essa genial int\u00e9rprete de Nelson Rodrigues h\u00e1 mais de 50 anos, na verdade, desde os tempos em que ela comparecia ao Instituto Souza Le\u00e3o, no Humait\u00e1, do qual eu era diretor, para acompanhar os estudos de sua filha tamb\u00e9m Fernanda. M\u00e3e extremada, queria estar perto de todos os passos da menina, nos caminhos da educa\u00e7\u00e3o.<\/p>\n<p>Entrevistei Fernanda Montenegro no programa \u201cIdentidade Brasil\u201d, no Canal Futura (Canal 534 da NET). Ela fez um bel\u00edssimo resumo da sua vida art\u00edstica e liter\u00e1ria, como \u00e9 conhecida e respeitada. Viveu personagens eternos, como nos filmes \u201cCentral do Brasil\u201d (quando foi indicada ao Oscar de melhor atriz, concorrendo com as estrelas internacionais Meryl Streep, Gwyneth Paltrow, Emily Watson e Cate Blanchett), \u201cFedra\u201d e \u201cA Falecida\u201d, sempre com brilho extraordin\u00e1rio.<\/p>\n<p>Agora, saiu em livro muito bem redigido a sua autobiografia, escrita com a colabora\u00e7\u00e3o da jornalista Marta G\u00f3es, com o t\u00edtulo \u201cPr\u00f3logo, Ato e Ep\u00edlogo\u201d, reunindo nada menos de 70 anos de uma luta verdadeiramente heroica. A obra mostra como come\u00e7ou a trajet\u00f3ria da jovem Arlette Pinheiro (o nome verdadeiro de Fernanda Montenegro): aos 15 anos, entusiasmada com um an\u00fancio na R\u00e1dio MEC, fez o concurso para forma\u00e7\u00e3o de jovens radialistas e foi aprovada, abandonando o curso de secretariado na Berlitz. Se o mercado perdeu uma secret\u00e1ria eficiente, a cultura brasileira ganhou uma de suas principais estrelas. No in\u00edcio, o sucesso veio com as apresenta\u00e7\u00f5es no r\u00e1dio, como locutora. Depois, a consagra\u00e7\u00e3o no teatro, na televis\u00e3o e no cinema, um sucesso que j\u00e1 dura sete d\u00e9cadas.<\/p>\n<p>Foi convidada duas vezes para ser Ministra da Cultura, nos governos Jos\u00e9 Sarney e Itamar Franco. Recusou, nas duas oportunidades, argumentando que a melhor maneira de prestar servi\u00e7os \u00e0 cultura brasileira seria permanecer atuando nos palcos. Ela n\u00e3o quis emprestar o seu honrado nome a essa atividade, nem sempre muito bem compreendida. De repente, um integrante med\u00edocre desse antigo minist\u00e9rio agride a grande dama do nosso teatro, como se tivesse esse direito. Um ato de pura e s\u00f3rdida baixaria.<\/p>\n<p>Diante dessa atitude que somente diminui a for\u00e7a das nossas manifesta\u00e7\u00f5es culturais, o melhor \u00e9 recordar as coisas boas, como a m\u00fasica \u201cMulher da Vida\u201d, composta por Milton Nascimento e Fernando Brant, e gravada pela cantora Simone, que homenageia Fernanda Montenegro de forma \u00edmpar e exemplar: \u201cMulher \u00e9 muito mais que ter um sexo\/\u00c9 mais que ser do homem\/complemento\/\u00c9 mais que ser o avesso e o diverso.\/Mulher \u00e9 muito mais que sofrimento\/Mulher \u00e9 muito mais que companhia\/\u00c9 mais que ser sujeito ou objeto\/\u00c9 mais que ser amor e alegria\/Estrela Montenegro do universo\u201d.<\/p>\n<p>&nbsp;<\/p>\n<p>&nbsp;<\/p>\n","protected":false},"excerpt":{"rendered":"<p>Estamos vivendo um tempo inacredit\u00e1vel de perplexidade. A agress\u00e3o a Fernanda Montenegro, partida de um funcion\u00e1rio da Secretaria Nacional de Cultura, toca as raias do absurdo. Na verdade, fere toda a classe art\u00edstica, que ela representa t\u00e3o bem e h\u00e1 tantos anos. A \u00faltima sess\u00e3o da Academia Brasileira de Letras registrou manifesta\u00e7\u00e3o un\u00e2nime de rep\u00fadio. [&hellip;]<\/p>\n","protected":false},"author":96,"featured_media":96753,"comment_status":"closed","ping_status":"closed","sticky":false,"template":"","format":"standard","meta":{"footnotes":""},"categories":[275,435,439],"tags":[],"class_list":["post-149681","post","type-post","status-publish","format-standard","has-post-thumbnail","hentry","category-arnaldo-niskier","category-colunas","category-ultima-hora"],"_links":{"self":[{"href":"https:\/\/diarioregionaldigital.com.br\/index.php?rest_route=\/wp\/v2\/posts\/149681","targetHints":{"allow":["GET"]}}],"collection":[{"href":"https:\/\/diarioregionaldigital.com.br\/index.php?rest_route=\/wp\/v2\/posts"}],"about":[{"href":"https:\/\/diarioregionaldigital.com.br\/index.php?rest_route=\/wp\/v2\/types\/post"}],"author":[{"embeddable":true,"href":"https:\/\/diarioregionaldigital.com.br\/index.php?rest_route=\/wp\/v2\/users\/96"}],"replies":[{"embeddable":true,"href":"https:\/\/diarioregionaldigital.com.br\/index.php?rest_route=%2Fwp%2Fv2%2Fcomments&post=149681"}],"version-history":[{"count":0,"href":"https:\/\/diarioregionaldigital.com.br\/index.php?rest_route=\/wp\/v2\/posts\/149681\/revisions"}],"wp:featuredmedia":[{"embeddable":true,"href":"https:\/\/diarioregionaldigital.com.br\/index.php?rest_route=\/wp\/v2\/media\/96753"}],"wp:attachment":[{"href":"https:\/\/diarioregionaldigital.com.br\/index.php?rest_route=%2Fwp%2Fv2%2Fmedia&parent=149681"}],"wp:term":[{"taxonomy":"category","embeddable":true,"href":"https:\/\/diarioregionaldigital.com.br\/index.php?rest_route=%2Fwp%2Fv2%2Fcategories&post=149681"},{"taxonomy":"post_tag","embeddable":true,"href":"https:\/\/diarioregionaldigital.com.br\/index.php?rest_route=%2Fwp%2Fv2%2Ftags&post=149681"}],"curies":[{"name":"wp","href":"https:\/\/api.w.org\/{rel}","templated":true}]}}