{"id":149663,"date":"2019-10-20T06:00:54","date_gmt":"2019-10-20T08:00:54","guid":{"rendered":"https:\/\/diarioregionaldigital.com.br\/?p=149663"},"modified":"2019-10-17T19:24:17","modified_gmt":"2019-10-17T22:24:17","slug":"jardim-botanico-recebe-mais-de-150-orquideas","status":"publish","type":"post","link":"https:\/\/diarioregionaldigital.com.br\/?p=149663","title":{"rendered":"Jardim Bot\u00e2nico recebe mais de 150 orqu\u00eddeas"},"content":{"rendered":"<p>Elas est\u00e3o entre as plantas mais admiradas e colecionadas no mundo. Nesta semana, mais de 150 delas chegaram ao\u00a0<a href=\"http:\/\/www.ufjf.br\/jardimbotanico\">Jardim Bot\u00e2nico da UFJF<\/a>\u00a0vindas de Petr\u00f3polis, na Regi\u00e3o Serrana do Rio de Janeiro. Delicadas, esguias, variadas \u2013 estamos falando de orqu\u00eddeas.<\/p>\n<p>O Jardim recebeu uma doa\u00e7\u00e3o de vasos de um orquid\u00e1rio em processo de desativa\u00e7\u00e3o. Em breve, um exposi\u00e7\u00e3o ser\u00e1 aberta ao p\u00fablico. Conforme o diretor do Jardim, Gustavo Soldati, estes s\u00e3o os primeiros passos para a abertura de um orquid\u00e1rio.<\/p>\n<p>As plantas ser\u00e3o registradas, cuidadas e organizadas para ent\u00e3o serem expostas. Na \u00faltima ter\u00e7a, 15, uma equipe da Pr\u00f3-reitoria de Infraestrutura da UFJF j\u00e1 estava no local para instalar, no orquid\u00e1rio, um sombrite, que \u00e9 uma tela escura usada para amenizar os efeitos da luz solar nas plantas.<\/p>\n<p>Ao todo, foram doadas mais de 50 esp\u00e9cies diferentes, todas nativas do Brasil. A maioria \u00e9 da Floresta Atl\u00e2ntica, com algumas oriundas da Amaz\u00f4nia e do Cerrado, segundo o professor do Departamento de Bot\u00e2nica da UFJF, Luiz Menini, especialista em orqu\u00eddeas.<\/p>\n<p>Entre os exemplares, est\u00e3o a\u00a0Maxillaria ochroleuca, que chama aten\u00e7\u00e3o pelo perfume adocicado, e a\u00a0Leptotes bicolor,\u00a0encontrada na Argentina, no Brasil e principalmente no Brasil. Ambas s\u00e3o\u00a0 esp\u00e9cies da Floresta Atl\u00e2ntica, o que faz com que suas distribui\u00e7\u00f5es sejam mais restritas.<\/p>\n<p>A prioridade para a cole\u00e7\u00e3o do Jardim, conforme Soldati, \u201cs\u00e3o orqu\u00eddeas nativas da Mata Atl\u00e2ntica, que se relacionem com a flora local, sejam importantes para a conserva\u00e7\u00e3o e de proced\u00eancia fitossanit\u00e1ria\u201d.<\/p>\n<p><strong>Orqu\u00eddeas<\/strong><\/p>\n<p>Quando encontradas livremente na natureza, as orqu\u00eddeas predominantemente utilizam troncos, galhos de \u00e1rvores e arbustos para fixa\u00e7\u00e3o, sem alterar o metabolismo da outra planta. Por isso, n\u00e3o s\u00e3o consideradas parasitas. S\u00e3o como inquilinas. Seus nutrientes s\u00e3o retirados do pr\u00f3prio meio, seja de material decomposto na superf\u00edcie da \u00e1rvore onde est\u00e1 instalada, de umidade e de outros elementos.<\/p>\n<p>Essa rela\u00e7\u00e3o entre as plantas \u00e9 conhecida como epifitismo, termo que vem do grego ep\u00ed (sobre) e phyto (planta). O epifitismo \u00e9 muito comum em florestas tropicais, como a Floresta Atl\u00e2ntica \u2013 o dom\u00ednio fitogeogr\u00e1fico do Jardim Bot\u00e2nico.\u00a0 J\u00e1 est\u00e3o catalogadas cerca de 35 mil esp\u00e9cies de orqu\u00eddeas no mundo.<\/p>\n<p>Fonte: UFJF<\/p>\n","protected":false},"excerpt":{"rendered":"<p>Elas est\u00e3o entre as plantas mais admiradas e colecionadas no mundo. Nesta semana, mais de 150 delas chegaram ao\u00a0Jardim Bot\u00e2nico da UFJF\u00a0vindas de Petr\u00f3polis, na Regi\u00e3o Serrana do Rio de Janeiro. Delicadas, esguias, variadas \u2013 estamos falando de orqu\u00eddeas. O Jardim recebeu uma doa\u00e7\u00e3o de vasos de um orquid\u00e1rio em processo de desativa\u00e7\u00e3o. Em breve, [&hellip;]<\/p>\n","protected":false},"author":96,"featured_media":149667,"comment_status":"closed","ping_status":"closed","sticky":false,"template":"","format":"standard","meta":{"footnotes":""},"categories":[253,436,440,439],"tags":[],"class_list":["post-149663","post","type-post","status-publish","format-standard","has-post-thumbnail","hentry","category-cidade","category-destaque-da-semana","category-destaques-do-dia","category-ultima-hora"],"_links":{"self":[{"href":"https:\/\/diarioregionaldigital.com.br\/index.php?rest_route=\/wp\/v2\/posts\/149663","targetHints":{"allow":["GET"]}}],"collection":[{"href":"https:\/\/diarioregionaldigital.com.br\/index.php?rest_route=\/wp\/v2\/posts"}],"about":[{"href":"https:\/\/diarioregionaldigital.com.br\/index.php?rest_route=\/wp\/v2\/types\/post"}],"author":[{"embeddable":true,"href":"https:\/\/diarioregionaldigital.com.br\/index.php?rest_route=\/wp\/v2\/users\/96"}],"replies":[{"embeddable":true,"href":"https:\/\/diarioregionaldigital.com.br\/index.php?rest_route=%2Fwp%2Fv2%2Fcomments&post=149663"}],"version-history":[{"count":0,"href":"https:\/\/diarioregionaldigital.com.br\/index.php?rest_route=\/wp\/v2\/posts\/149663\/revisions"}],"wp:featuredmedia":[{"embeddable":true,"href":"https:\/\/diarioregionaldigital.com.br\/index.php?rest_route=\/wp\/v2\/media\/149667"}],"wp:attachment":[{"href":"https:\/\/diarioregionaldigital.com.br\/index.php?rest_route=%2Fwp%2Fv2%2Fmedia&parent=149663"}],"wp:term":[{"taxonomy":"category","embeddable":true,"href":"https:\/\/diarioregionaldigital.com.br\/index.php?rest_route=%2Fwp%2Fv2%2Fcategories&post=149663"},{"taxonomy":"post_tag","embeddable":true,"href":"https:\/\/diarioregionaldigital.com.br\/index.php?rest_route=%2Fwp%2Fv2%2Ftags&post=149663"}],"curies":[{"name":"wp","href":"https:\/\/api.w.org\/{rel}","templated":true}]}}