{"id":149352,"date":"2019-10-11T06:00:58","date_gmt":"2019-10-11T09:00:58","guid":{"rendered":"https:\/\/diarioregionaldigital.com.br\/?p=149352"},"modified":"2019-10-11T04:47:18","modified_gmt":"2019-10-11T07:47:18","slug":"dia-das-criancas-3","status":"publish","type":"post","link":"https:\/\/diarioregionaldigital.com.br\/?p=149352","title":{"rendered":"Dia das Crian\u00e7as"},"content":{"rendered":"<p style=\"text-align: center;\"><strong>JF-Sabor<\/strong><\/p>\n<p style=\"text-align: center;\">Juiz de Fora ser\u00e1 p\u00f3lo centralizador da boa gastronomia com o JF-Sabor que come\u00e7a no dia 21 de outubro at\u00e9 30 de novembro. Ser\u00e3o aproximadamente 40 dias de degusta\u00e7\u00e3o dos mais delicioso pratos, com as casas participantes do festival disputando a categoria competitiva. A presidente da ABRASEL JF, Francele Galil, est\u00e1 otimista com um trabalho que est\u00e1 transformando Juiz de Fora e Zona da Mata em refer\u00eancia no segmento gastron\u00f4mico.<\/p>\n<p style=\"text-align: center;\"><strong>Cores Mil<\/strong><\/p>\n<p style=\"text-align: center;\">Digno de todos os elogios, Diogo Novaes, integrante do curso Renovar BR \u2013 escola de forma\u00e7\u00e3o pol\u00edtica para cidada\u00f5s comuns \u2013 e do movimento Amamos JF, realizou a pintura de revitaliza\u00e7\u00e3o da quadra da Escola Jos\u00e9 Calil Ahouagi, no bairro Maril\u00e2ndia e recebeu muitos aplausos.<\/p>\n<p style=\"text-align: center;\"><strong>Verde e Rosa<\/strong><\/p>\n<p style=\"text-align: center;\">A diva juiz-forana nossa sabi\u00e1 Sandra Portella (em parceria com outros m\u00fasicos) concorre na final do concurso para a escolha do samba enredo da Mangueira para o Carnaval 2020, no s\u00e1bado (12), na quadra da Esta\u00e7\u00e3o Primeira, na terra carioca. O tema \u00e9 \u201cMenino Jesus\u201d. Abram alas para ela passar.<\/p>\n<p style=\"text-align: center;\"><strong>Sintetizando<\/strong><\/p>\n<p style=\"text-align: center;\">A elegante Adriana Barros e sua Dommani programaram, para o dia 29 de outubro, o 2\u00ba Workshop Grandes Nomes, envolvendo Arquitetura &#8211; Design &#8211; Decora\u00e7\u00e3o. O maior evento de arquitetura e design traz para Juiz de Fora profissionais renomados, a partir das 9h, no Teatro Pascoal Carlos Magno.<\/p>\n<p style=\"text-align: center;\"><strong>Dica<\/strong><\/p>\n<p style=\"text-align: center;\">Prestigiar no dia 16, no MAMM, a noite de aut\u00f3grafos do livro \u201cMem\u00f3rias de um Candeeiro\u201d, do ex-prefeito de JF, Tarc\u00edsio Delgado.<\/p>\n<p style=\"text-align: center;\"><span style=\"font-size: 14pt;\"><strong>Dia das Crian\u00e7as<\/strong><\/span><\/p>\n<p style=\"text-align: center;\">Com o calend\u00e1rio apontando o dia 12 de outubro como o \u201cDia das Crian\u00e7as\u201d, n\u00e3o existem palavras, gestos, abra\u00e7os ou beijos que digam mais que um olhar. Aquele olhar de carinho, de amor e de amizade puro para esses pequenos seres que alegram nossas vidas. Selecionamos alguns momentos em fotos especiais para esse dia. Confiram.<\/p>\n<div id=\"attachment_149263\" style=\"width: 690px\" class=\"wp-caption aligncenter\"><img loading=\"lazy\" decoding=\"async\" aria-describedby=\"caption-attachment-149263\" class=\"wp-image-149263\" src=\"https:\/\/diarioregionaldigital.com.br\/wp-content\/uploads\/2019\/10\/fotoa-6-e1570779044337.jpg\" alt=\"\" width=\"680\" height=\"499\" srcset=\"https:\/\/diarioregionaldigital.com.br\/wp-content\/uploads\/2019\/10\/fotoa-6-e1570779044337.jpg 1170w, https:\/\/diarioregionaldigital.com.br\/wp-content\/uploads\/2019\/10\/fotoa-6-e1570779044337-300x220.jpg 300w, https:\/\/diarioregionaldigital.com.br\/wp-content\/uploads\/2019\/10\/fotoa-6-e1570779044337-768x563.jpg 768w, https:\/\/diarioregionaldigital.com.br\/wp-content\/uploads\/2019\/10\/fotoa-6-e1570779044337-1024x751.jpg 1024w, https:\/\/diarioregionaldigital.com.br\/wp-content\/uploads\/2019\/10\/fotoa-6-e1570779044337-360x264.jpg 360w\" sizes=\"auto, (max-width: 680px) 100vw, 680px\" \/><p id=\"caption-attachment-149263\" class=\"wp-caption-text\">Os irm\u00e3os Marc\u00edlio, Maria Rita e Eduardo Gomes com os sobrinhos-netos Bernardo e Eduardo Rocha Azevedo, na Igreja da Gl\u00f3ria<\/p><\/div>\n<div id=\"attachment_149264\" style=\"width: 690px\" class=\"wp-caption aligncenter\"><img loading=\"lazy\" decoding=\"async\" aria-describedby=\"caption-attachment-149264\" class=\"wp-image-149264\" src=\"https:\/\/diarioregionaldigital.com.br\/wp-content\/uploads\/2019\/10\/fotoaa-5-e1570779286338.jpg\" alt=\"\" width=\"680\" height=\"506\" srcset=\"https:\/\/diarioregionaldigital.com.br\/wp-content\/uploads\/2019\/10\/fotoaa-5-e1570779286338.jpg 540w, https:\/\/diarioregionaldigital.com.br\/wp-content\/uploads\/2019\/10\/fotoaa-5-e1570779286338-300x223.jpg 300w, https:\/\/diarioregionaldigital.com.br\/wp-content\/uploads\/2019\/10\/fotoaa-5-e1570779286338-360x268.jpg 360w\" sizes=\"auto, (max-width: 680px) 100vw, 680px\" \/><p id=\"caption-attachment-149264\" class=\"wp-caption-text\">As lindezas de sobrinhos-netos deste colunista, Luisa Helena Gomes Caniato, Breno Gomes e Maria Eduarda Gomes<\/p><\/div>\n<div id=\"attachment_149266\" style=\"width: 690px\" class=\"wp-caption aligncenter\"><img loading=\"lazy\" decoding=\"async\" aria-describedby=\"caption-attachment-149266\" class=\"wp-image-149266\" src=\"https:\/\/diarioregionaldigital.com.br\/wp-content\/uploads\/2019\/10\/fotoc-7-e1570779334787.jpg\" alt=\"\" width=\"680\" height=\"571\" srcset=\"https:\/\/diarioregionaldigital.com.br\/wp-content\/uploads\/2019\/10\/fotoc-7-e1570779334787.jpg 1163w, https:\/\/diarioregionaldigital.com.br\/wp-content\/uploads\/2019\/10\/fotoc-7-e1570779334787-300x252.jpg 300w, https:\/\/diarioregionaldigital.com.br\/wp-content\/uploads\/2019\/10\/fotoc-7-e1570779334787-768x645.jpg 768w, https:\/\/diarioregionaldigital.com.br\/wp-content\/uploads\/2019\/10\/fotoc-7-e1570779334787-1024x859.jpg 1024w, https:\/\/diarioregionaldigital.com.br\/wp-content\/uploads\/2019\/10\/fotoc-7-e1570779334787-360x302.jpg 360w\" sizes=\"auto, (max-width: 680px) 100vw, 680px\" \/><p id=\"caption-attachment-149266\" class=\"wp-caption-text\">Ra\u00edssa e o papai Gr\u00e1fica Tamoio Fabr\u00edcio Toledo, em tom maior<\/p><\/div>\n<div id=\"attachment_149267\" style=\"width: 690px\" class=\"wp-caption aligncenter\"><img loading=\"lazy\" decoding=\"async\" aria-describedby=\"caption-attachment-149267\" class=\"wp-image-149267\" src=\"https:\/\/diarioregionaldigital.com.br\/wp-content\/uploads\/2019\/10\/fotod-6-e1570779361847.jpg\" alt=\"\" width=\"680\" height=\"444\" srcset=\"https:\/\/diarioregionaldigital.com.br\/wp-content\/uploads\/2019\/10\/fotod-6-e1570779361847.jpg 1664w, https:\/\/diarioregionaldigital.com.br\/wp-content\/uploads\/2019\/10\/fotod-6-e1570779361847-300x196.jpg 300w, https:\/\/diarioregionaldigital.com.br\/wp-content\/uploads\/2019\/10\/fotod-6-e1570779361847-768x501.jpg 768w, https:\/\/diarioregionaldigital.com.br\/wp-content\/uploads\/2019\/10\/fotod-6-e1570779361847-1024x668.jpg 1024w, https:\/\/diarioregionaldigital.com.br\/wp-content\/uploads\/2019\/10\/fotod-6-e1570779361847-360x235.jpg 360w\" sizes=\"auto, (max-width: 680px) 100vw, 680px\" \/><p id=\"caption-attachment-149267\" class=\"wp-caption-text\">No Sircom Ant\u00f4nio Naresi Jr. e Enzo Arag\u00e3o Platz<\/p><\/div>\n<div id=\"attachment_149268\" style=\"width: 690px\" class=\"wp-caption aligncenter\"><img loading=\"lazy\" decoding=\"async\" aria-describedby=\"caption-attachment-149268\" class=\"wp-image-149268\" src=\"https:\/\/diarioregionaldigital.com.br\/wp-content\/uploads\/2019\/10\/fotoe-5-e1570779387189.jpg\" alt=\"\" width=\"680\" height=\"522\" srcset=\"https:\/\/diarioregionaldigital.com.br\/wp-content\/uploads\/2019\/10\/fotoe-5-e1570779387189.jpg 1176w, https:\/\/diarioregionaldigital.com.br\/wp-content\/uploads\/2019\/10\/fotoe-5-e1570779387189-300x230.jpg 300w, https:\/\/diarioregionaldigital.com.br\/wp-content\/uploads\/2019\/10\/fotoe-5-e1570779387189-768x589.jpg 768w, https:\/\/diarioregionaldigital.com.br\/wp-content\/uploads\/2019\/10\/fotoe-5-e1570779387189-1024x785.jpg 1024w, https:\/\/diarioregionaldigital.com.br\/wp-content\/uploads\/2019\/10\/fotoe-5-e1570779387189-360x276.jpg 360w\" sizes=\"auto, (max-width: 680px) 100vw, 680px\" \/><p id=\"caption-attachment-149268\" class=\"wp-caption-text\">Iolanda e o pai Augusto Petrillo, na Hiato<\/p><\/div>\n<div id=\"attachment_149269\" style=\"width: 690px\" class=\"wp-caption aligncenter\"><img loading=\"lazy\" decoding=\"async\" aria-describedby=\"caption-attachment-149269\" class=\"wp-image-149269\" src=\"https:\/\/diarioregionaldigital.com.br\/wp-content\/uploads\/2019\/10\/fotof-6.jpg\" alt=\"\" width=\"680\" height=\"457\" srcset=\"https:\/\/diarioregionaldigital.com.br\/wp-content\/uploads\/2019\/10\/fotof-6.jpg 1758w, https:\/\/diarioregionaldigital.com.br\/wp-content\/uploads\/2019\/10\/fotof-6-300x202.jpg 300w, https:\/\/diarioregionaldigital.com.br\/wp-content\/uploads\/2019\/10\/fotof-6-768x516.jpg 768w, https:\/\/diarioregionaldigital.com.br\/wp-content\/uploads\/2019\/10\/fotof-6-1024x688.jpg 1024w, https:\/\/diarioregionaldigital.com.br\/wp-content\/uploads\/2019\/10\/fotof-6-360x242.jpg 360w\" sizes=\"auto, (max-width: 680px) 100vw, 680px\" \/><p id=\"caption-attachment-149269\" class=\"wp-caption-text\">No Trade Hotel, a estrelinha desta coluna, Amanda Mello Branco<\/p><\/div>\n<div id=\"attachment_149270\" style=\"width: 690px\" class=\"wp-caption aligncenter\"><img loading=\"lazy\" decoding=\"async\" aria-describedby=\"caption-attachment-149270\" class=\"wp-image-149270\" src=\"https:\/\/diarioregionaldigital.com.br\/wp-content\/uploads\/2019\/10\/fotog-7-e1570779423357.jpg\" alt=\"\" width=\"680\" height=\"490\" srcset=\"https:\/\/diarioregionaldigital.com.br\/wp-content\/uploads\/2019\/10\/fotog-7-e1570779423357.jpg 1167w, https:\/\/diarioregionaldigital.com.br\/wp-content\/uploads\/2019\/10\/fotog-7-e1570779423357-300x216.jpg 300w, https:\/\/diarioregionaldigital.com.br\/wp-content\/uploads\/2019\/10\/fotog-7-e1570779423357-768x553.jpg 768w, https:\/\/diarioregionaldigital.com.br\/wp-content\/uploads\/2019\/10\/fotog-7-e1570779423357-1024x738.jpg 1024w, https:\/\/diarioregionaldigital.com.br\/wp-content\/uploads\/2019\/10\/fotog-7-e1570779423357-360x259.jpg 360w\" sizes=\"auto, (max-width: 680px) 100vw, 680px\" \/><p id=\"caption-attachment-149270\" class=\"wp-caption-text\">No Sport Clube, o mascote desta coluna, Dante Moraes<\/p><\/div>\n<div id=\"attachment_149271\" style=\"width: 690px\" class=\"wp-caption aligncenter\"><img loading=\"lazy\" decoding=\"async\" aria-describedby=\"caption-attachment-149271\" class=\"wp-image-149271\" src=\"https:\/\/diarioregionaldigital.com.br\/wp-content\/uploads\/2019\/10\/fotoh-7-e1570779463135.jpg\" alt=\"\" width=\"680\" height=\"492\" srcset=\"https:\/\/diarioregionaldigital.com.br\/wp-content\/uploads\/2019\/10\/fotoh-7-e1570779463135.jpg 1159w, https:\/\/diarioregionaldigital.com.br\/wp-content\/uploads\/2019\/10\/fotoh-7-e1570779463135-300x217.jpg 300w, https:\/\/diarioregionaldigital.com.br\/wp-content\/uploads\/2019\/10\/fotoh-7-e1570779463135-768x555.jpg 768w, https:\/\/diarioregionaldigital.com.br\/wp-content\/uploads\/2019\/10\/fotoh-7-e1570779463135-1024x740.jpg 1024w, https:\/\/diarioregionaldigital.com.br\/wp-content\/uploads\/2019\/10\/fotoh-7-e1570779463135-360x260.jpg 360w\" sizes=\"auto, (max-width: 680px) 100vw, 680px\" \/><p id=\"caption-attachment-149271\" class=\"wp-caption-text\">Seguindo o l\u00edder no Sport Clube, Vin\u00edcius Moraes<\/p><\/div>\n<div id=\"attachment_149272\" style=\"width: 690px\" class=\"wp-caption aligncenter\"><img loading=\"lazy\" decoding=\"async\" aria-describedby=\"caption-attachment-149272\" class=\"wp-image-149272\" src=\"https:\/\/diarioregionaldigital.com.br\/wp-content\/uploads\/2019\/10\/fotoi-7-e1570779490703.jpg\" alt=\"\" width=\"680\" height=\"532\" srcset=\"https:\/\/diarioregionaldigital.com.br\/wp-content\/uploads\/2019\/10\/fotoi-7-e1570779490703.jpg 1136w, https:\/\/diarioregionaldigital.com.br\/wp-content\/uploads\/2019\/10\/fotoi-7-e1570779490703-300x235.jpg 300w, https:\/\/diarioregionaldigital.com.br\/wp-content\/uploads\/2019\/10\/fotoi-7-e1570779490703-768x600.jpg 768w, https:\/\/diarioregionaldigital.com.br\/wp-content\/uploads\/2019\/10\/fotoi-7-e1570779490703-1024x800.jpg 1024w, https:\/\/diarioregionaldigital.com.br\/wp-content\/uploads\/2019\/10\/fotoi-7-e1570779490703-360x281.jpg 360w\" sizes=\"auto, (max-width: 680px) 100vw, 680px\" \/><p id=\"caption-attachment-149272\" class=\"wp-caption-text\">Novos samurais desta coluna, os irm\u00e3os Caio<br \/>e Igor Esp\u00edndula Mota<\/p><\/div>\n<div id=\"attachment_149273\" style=\"width: 690px\" class=\"wp-caption aligncenter\"><img loading=\"lazy\" decoding=\"async\" aria-describedby=\"caption-attachment-149273\" class=\"wp-image-149273\" src=\"https:\/\/diarioregionaldigital.com.br\/wp-content\/uploads\/2019\/10\/fotoj-4.jpg\" alt=\"\" width=\"680\" height=\"454\" srcset=\"https:\/\/diarioregionaldigital.com.br\/wp-content\/uploads\/2019\/10\/fotoj-4.jpg 1752w, https:\/\/diarioregionaldigital.com.br\/wp-content\/uploads\/2019\/10\/fotoj-4-300x200.jpg 300w, https:\/\/diarioregionaldigital.com.br\/wp-content\/uploads\/2019\/10\/fotoj-4-768x513.jpg 768w, https:\/\/diarioregionaldigital.com.br\/wp-content\/uploads\/2019\/10\/fotoj-4-1024x684.jpg 1024w, https:\/\/diarioregionaldigital.com.br\/wp-content\/uploads\/2019\/10\/fotoj-4-360x240.jpg 360w\" sizes=\"auto, (max-width: 680px) 100vw, 680px\" \/><p id=\"caption-attachment-149273\" class=\"wp-caption-text\">A linda Isabella com os pais Rafael Gouv\u00eaa e Suellen Lazzarini<\/p><\/div>\n<div id=\"attachment_149274\" style=\"width: 690px\" class=\"wp-caption aligncenter\"><img loading=\"lazy\" decoding=\"async\" aria-describedby=\"caption-attachment-149274\" class=\"wp-image-149274\" src=\"https:\/\/diarioregionaldigital.com.br\/wp-content\/uploads\/2019\/10\/fotol-5.jpg\" alt=\"\" width=\"680\" height=\"454\" srcset=\"https:\/\/diarioregionaldigital.com.br\/wp-content\/uploads\/2019\/10\/fotol-5.jpg 1770w, https:\/\/diarioregionaldigital.com.br\/wp-content\/uploads\/2019\/10\/fotol-5-300x200.jpg 300w, https:\/\/diarioregionaldigital.com.br\/wp-content\/uploads\/2019\/10\/fotol-5-768x513.jpg 768w, https:\/\/diarioregionaldigital.com.br\/wp-content\/uploads\/2019\/10\/fotol-5-1024x684.jpg 1024w, https:\/\/diarioregionaldigital.com.br\/wp-content\/uploads\/2019\/10\/fotol-5-360x240.jpg 360w\" sizes=\"auto, (max-width: 680px) 100vw, 680px\" \/><p id=\"caption-attachment-149274\" class=\"wp-caption-text\">A linda rubro-negra Liz Rezende com os pais Tamara Mageste e Ramon Rezende<\/p><\/div>\n<div id=\"attachment_149275\" style=\"width: 690px\" class=\"wp-caption aligncenter\"><img loading=\"lazy\" decoding=\"async\" aria-describedby=\"caption-attachment-149275\" class=\"wp-image-149275\" src=\"https:\/\/diarioregionaldigital.com.br\/wp-content\/uploads\/2019\/10\/fotom-2-e1570779535443.jpg\" alt=\"\" width=\"680\" height=\"510\" srcset=\"https:\/\/diarioregionaldigital.com.br\/wp-content\/uploads\/2019\/10\/fotom-2-e1570779535443.jpg 1159w, https:\/\/diarioregionaldigital.com.br\/wp-content\/uploads\/2019\/10\/fotom-2-e1570779535443-300x225.jpg 300w, https:\/\/diarioregionaldigital.com.br\/wp-content\/uploads\/2019\/10\/fotom-2-e1570779535443-768x576.jpg 768w, https:\/\/diarioregionaldigital.com.br\/wp-content\/uploads\/2019\/10\/fotom-2-e1570779535443-1024x768.jpg 1024w, https:\/\/diarioregionaldigital.com.br\/wp-content\/uploads\/2019\/10\/fotom-2-e1570779535443-360x270.jpg 360w\" sizes=\"auto, (max-width: 680px) 100vw, 680px\" \/><p id=\"caption-attachment-149275\" class=\"wp-caption-text\">O pequeno Lucca com o papai Sion Thiago Costa<\/p><\/div>\n<div id=\"attachment_149276\" style=\"width: 690px\" class=\"wp-caption aligncenter\"><img loading=\"lazy\" decoding=\"async\" aria-describedby=\"caption-attachment-149276\" class=\"wp-image-149276\" src=\"https:\/\/diarioregionaldigital.com.br\/wp-content\/uploads\/2019\/10\/foton-2-e1570779562115.jpg\" alt=\"\" width=\"680\" height=\"521\" srcset=\"https:\/\/diarioregionaldigital.com.br\/wp-content\/uploads\/2019\/10\/foton-2-e1570779562115.jpg 1168w, https:\/\/diarioregionaldigital.com.br\/wp-content\/uploads\/2019\/10\/foton-2-e1570779562115-300x230.jpg 300w, https:\/\/diarioregionaldigital.com.br\/wp-content\/uploads\/2019\/10\/foton-2-e1570779562115-768x588.jpg 768w, https:\/\/diarioregionaldigital.com.br\/wp-content\/uploads\/2019\/10\/foton-2-e1570779562115-1024x785.jpg 1024w, https:\/\/diarioregionaldigital.com.br\/wp-content\/uploads\/2019\/10\/foton-2-e1570779562115-360x276.jpg 360w\" sizes=\"auto, (max-width: 680px) 100vw, 680px\" \/><p id=\"caption-attachment-149276\" class=\"wp-caption-text\">Marcelo Mendes e a linda La\u00eds festejando o 1\u00ba aninho<\/p><\/div>\n<div id=\"attachment_149277\" style=\"width: 690px\" class=\"wp-caption aligncenter\"><img loading=\"lazy\" decoding=\"async\" aria-describedby=\"caption-attachment-149277\" class=\"wp-image-149277\" src=\"https:\/\/diarioregionaldigital.com.br\/wp-content\/uploads\/2019\/10\/fotoo-1-e1570779587340.jpg\" alt=\"\" width=\"680\" height=\"531\" srcset=\"https:\/\/diarioregionaldigital.com.br\/wp-content\/uploads\/2019\/10\/fotoo-1-e1570779587340.jpg 1172w, https:\/\/diarioregionaldigital.com.br\/wp-content\/uploads\/2019\/10\/fotoo-1-e1570779587340-300x234.jpg 300w, https:\/\/diarioregionaldigital.com.br\/wp-content\/uploads\/2019\/10\/fotoo-1-e1570779587340-768x600.jpg 768w, https:\/\/diarioregionaldigital.com.br\/wp-content\/uploads\/2019\/10\/fotoo-1-e1570779587340-1024x799.jpg 1024w, https:\/\/diarioregionaldigital.com.br\/wp-content\/uploads\/2019\/10\/fotoo-1-e1570779587340-360x281.jpg 360w\" sizes=\"auto, (max-width: 680px) 100vw, 680px\" \/><p id=\"caption-attachment-149277\" class=\"wp-caption-text\">O pequeno Matheus brinca com os pais, Marcelo Mendes e Elisa Marsicano<\/p><\/div>\n<p style=\"text-align: center;\"><strong>FOTOSS\u00cdNTESE<\/strong><\/p>\n<p>Amigos e leitores desta coluna se destacaram nas badala\u00e7\u00f5es do Rock In Rio, representando Juiz de Fora, os lindos Heverson San\u00e1bio, Wesley Guedes, Marlus Andreucci, Lenilson Fonseca, Erika Beire, Vin\u00edcius Ceribeli, Iasmin Cordeiro, Josi Gravina, Cesar Monteiro, Sydney Castro, Guilherme Guizelli, Ot\u00e1vio Fagundes e os irm\u00e3os Dubdogz, DJ\u2019s Lucas e Marcos Schmidt.<\/p>\n<p>Coroando um \u00f3timo momento, o jornalista Guilherme Salgado Rocha tomou posse na Academia Juiz-forana de Letras.<\/p>\n<p>Colocando o dicion\u00e1rio na mesa, a escritora Ivone Zimmermann vai lan\u00e7ar livro, dia 19 de outubro, no Espa\u00e7o Excalibur.<\/p>\n<p>Com ilumina\u00e7\u00e3o especial para lembrar o Outubro Rosa dois pr\u00e9dios do Hospital Monte Sinai e o Morro do Cristo receberam luz rosa em raz\u00e3o da campanha que mobiliza a popula\u00e7\u00e3o e este colunista.<\/p>\n<p>Inteligente e carism\u00e1tica, Vitt\u00f3ria Lima brilha na Ger\u00eancia de Marketing das lojas Superlar.<\/p>\n<p>V\u00e1rias atividades marcaram a II Semana da Defesa Civil. O encerramento \u00e9 hoje (11) com palestra sobre barragens da Camargos Firme, \u00e0s 9h, na Escola de Governo.<\/p>\n<p>Aten\u00e7\u00e3o carij\u00f3s: as chapas JR 2020 e SOS Tupi disputam a administra\u00e7\u00e3o do clube at\u00e9 2022; Justi\u00e7a mant\u00e9m pleito mas decide suspender resultado.<\/p>\n<p>Com excelente desempenho, sete cursos da UFJF recebem nota 5 do Enade 2018, colocando Juiz de Fora como celeiro de ensino qualificado. Aplausos.<\/p>\n<p>O talentosos Roberto Cohen vai aterrissar em Juiz de Fora para mostrar que est\u00e1 rolando de melhor no mercado de evento. Ser\u00e1 durante o Cerimonial Meeting, dia 29 de outubro, no Haras Morena Resort.<\/p>\n<p>Divindade: 12 de outubro, Dia da Padroeira do Brasil, Nossa Senhora Aparecida. Rogai por n\u00f3s. Bom dia.<\/p>\n<p><img loading=\"lazy\" decoding=\"async\" class=\"aligncenter size-full wp-image-149353\" src=\"https:\/\/diarioregionaldigital.com.br\/wp-content\/uploads\/2019\/10\/anuncio21.jpg\" alt=\"\" width=\"2301\" height=\"427\" srcset=\"https:\/\/diarioregionaldigital.com.br\/wp-content\/uploads\/2019\/10\/anuncio21.jpg 2301w, https:\/\/diarioregionaldigital.com.br\/wp-content\/uploads\/2019\/10\/anuncio21-300x56.jpg 300w, https:\/\/diarioregionaldigital.com.br\/wp-content\/uploads\/2019\/10\/anuncio21-768x143.jpg 768w, https:\/\/diarioregionaldigital.com.br\/wp-content\/uploads\/2019\/10\/anuncio21-1024x190.jpg 1024w, https:\/\/diarioregionaldigital.com.br\/wp-content\/uploads\/2019\/10\/anuncio21-360x67.jpg 360w\" sizes=\"auto, (max-width: 2301px) 100vw, 2301px\" \/><\/p>\n","protected":false},"excerpt":{"rendered":"<p>JF-Sabor Juiz de Fora ser\u00e1 p\u00f3lo centralizador da boa gastronomia com o JF-Sabor que come\u00e7a no dia 21 de outubro at\u00e9 30 de novembro. Ser\u00e3o aproximadamente 40 dias de degusta\u00e7\u00e3o dos mais delicioso pratos, com as casas participantes do festival disputando a categoria competitiva. A presidente da ABRASEL JF, Francele Galil, est\u00e1 otimista com um [&hellip;]<\/p>\n","protected":false},"author":96,"featured_media":149263,"comment_status":"closed","ping_status":"closed","sticky":false,"template":"","format":"standard","meta":{"footnotes":""},"categories":[264],"tags":[],"class_list":["post-149352","post","type-post","status-publish","format-standard","has-post-thumbnail","hentry","category-eduardo-gomes"],"_links":{"self":[{"href":"https:\/\/diarioregionaldigital.com.br\/index.php?rest_route=\/wp\/v2\/posts\/149352","targetHints":{"allow":["GET"]}}],"collection":[{"href":"https:\/\/diarioregionaldigital.com.br\/index.php?rest_route=\/wp\/v2\/posts"}],"about":[{"href":"https:\/\/diarioregionaldigital.com.br\/index.php?rest_route=\/wp\/v2\/types\/post"}],"author":[{"embeddable":true,"href":"https:\/\/diarioregionaldigital.com.br\/index.php?rest_route=\/wp\/v2\/users\/96"}],"replies":[{"embeddable":true,"href":"https:\/\/diarioregionaldigital.com.br\/index.php?rest_route=%2Fwp%2Fv2%2Fcomments&post=149352"}],"version-history":[{"count":0,"href":"https:\/\/diarioregionaldigital.com.br\/index.php?rest_route=\/wp\/v2\/posts\/149352\/revisions"}],"wp:featuredmedia":[{"embeddable":true,"href":"https:\/\/diarioregionaldigital.com.br\/index.php?rest_route=\/wp\/v2\/media\/149263"}],"wp:attachment":[{"href":"https:\/\/diarioregionaldigital.com.br\/index.php?rest_route=%2Fwp%2Fv2%2Fmedia&parent=149352"}],"wp:term":[{"taxonomy":"category","embeddable":true,"href":"https:\/\/diarioregionaldigital.com.br\/index.php?rest_route=%2Fwp%2Fv2%2Fcategories&post=149352"},{"taxonomy":"post_tag","embeddable":true,"href":"https:\/\/diarioregionaldigital.com.br\/index.php?rest_route=%2Fwp%2Fv2%2Ftags&post=149352"}],"curies":[{"name":"wp","href":"https:\/\/api.w.org\/{rel}","templated":true}]}}