{"id":149339,"date":"2019-10-10T19:03:54","date_gmt":"2019-10-10T22:03:54","guid":{"rendered":"https:\/\/diarioregionaldigital.com.br\/?p=149339"},"modified":"2019-10-10T19:03:54","modified_gmt":"2019-10-10T22:03:54","slug":"safra-de-graos-deve-crescer-63-e-fechar-com-recorde-em-2019","status":"publish","type":"post","link":"https:\/\/diarioregionaldigital.com.br\/?p=149339","title":{"rendered":"Safra de gr\u00e3os deve crescer 6,3% e fechar com recorde em 2019"},"content":{"rendered":"<p>A safra nacional de cereais, leguminosas e oleaginosas deve fechar 2019 em 240,7 milh\u00f5es de toneladas, ou seja, 6,3% acima da produ\u00e7\u00e3o do ano passado. De acordo com a previs\u00e3o de setembro do Levantamento Sistem\u00e1tico da Produ\u00e7\u00e3o Agr\u00edcola, divulgada na quinta-feira (10) pelo Instituto Brasileiro de Geografia e Estat\u00edstica (IBGE), a safra deve ser 0,4% maior do que a estimada na pesquisa<span id=\"OBJ_PREFIX_DWT628_com_zimbra_date\" role=\"link\">\u00a0de agosto<\/span>.<\/p>\n<p>Entre os produtos que devem puxar essa alta est\u00e1 o milho, uma das tr\u00eas principais lavouras de gr\u00e3os do pa\u00eds, cuja produ\u00e7\u00e3o deve crescer 23,1% de 2018 para 2019.<\/p>\n<p>Outros gr\u00e3os que dever\u00e3o\u00a0<span id=\"OBJ_PREFIX_DWT629_com_zimbra_date\" role=\"link\">ter<\/span>\u00a0alta neste ano s\u00e3o o algod\u00e3o herb\u00e1ceo (39%), o feij\u00e3o (2,9%), o sorgo (14,6%) e o trigo (3,1%). Por outro lado, duas das principais lavouras devem fechar o ano em queda: soja (-4,3%) e arroz (-12%).<\/p>\n<p>A \u00e1rea colhida de cereais, leguminosas e oleaginosas foi estimada em 63,1 milh\u00f5es de hectares, ou seja, 3,5% a mais do que em 2018.<\/p>\n<h2>Outros produtos<\/h2>\n<p>Al\u00e9m dos gr\u00e3os, o IBGE estima a produ\u00e7\u00e3o de outras lavouras importantes, como a cana-de-a\u00e7\u00facar, principal produto agr\u00edcola do pa\u00eds, que deve fechar o ano com queda de 1,2%, e o caf\u00e9, que dever\u00e1\u00a0<span id=\"OBJ_PREFIX_DWT630_com_zimbra_date\" role=\"link\">ter<\/span>\u00a0queda de 16%. Tamb\u00e9m devem\u00a0<span id=\"OBJ_PREFIX_DWT631_com_zimbra_date\" role=\"link\">ter<\/span>\u00a0quedas o tomate (-2%), a batata-inglesa (-0,3%) e a uva (-11%).<\/p>\n<p>Por outro lado, devem\u00a0<span id=\"OBJ_PREFIX_DWT632_com_zimbra_date\" role=\"link\">ter<\/span>\u00a0alta na safra deste ano a banana (5,1%), a laranja (6,3%) e a mandioca (3,5%).<\/p>\n<p>Fonte: Ag\u00eancia Brasil<\/p>\n","protected":false},"excerpt":{"rendered":"<p>A safra nacional de cereais, leguminosas e oleaginosas deve fechar 2019 em 240,7 milh\u00f5es de toneladas, ou seja, 6,3% acima da produ\u00e7\u00e3o do ano passado. De acordo com a previs\u00e3o de setembro do Levantamento Sistem\u00e1tico da Produ\u00e7\u00e3o Agr\u00edcola, divulgada na quinta-feira (10) pelo Instituto Brasileiro de Geografia e Estat\u00edstica (IBGE), a safra deve ser 0,4% [&hellip;]<\/p>\n","protected":false},"author":96,"featured_media":149340,"comment_status":"closed","ping_status":"closed","sticky":false,"template":"","format":"standard","meta":{"footnotes":""},"categories":[436,261,439],"tags":[],"class_list":["post-149339","post","type-post","status-publish","format-standard","has-post-thumbnail","hentry","category-destaque-da-semana","category-economia","category-ultima-hora"],"_links":{"self":[{"href":"https:\/\/diarioregionaldigital.com.br\/index.php?rest_route=\/wp\/v2\/posts\/149339","targetHints":{"allow":["GET"]}}],"collection":[{"href":"https:\/\/diarioregionaldigital.com.br\/index.php?rest_route=\/wp\/v2\/posts"}],"about":[{"href":"https:\/\/diarioregionaldigital.com.br\/index.php?rest_route=\/wp\/v2\/types\/post"}],"author":[{"embeddable":true,"href":"https:\/\/diarioregionaldigital.com.br\/index.php?rest_route=\/wp\/v2\/users\/96"}],"replies":[{"embeddable":true,"href":"https:\/\/diarioregionaldigital.com.br\/index.php?rest_route=%2Fwp%2Fv2%2Fcomments&post=149339"}],"version-history":[{"count":0,"href":"https:\/\/diarioregionaldigital.com.br\/index.php?rest_route=\/wp\/v2\/posts\/149339\/revisions"}],"wp:featuredmedia":[{"embeddable":true,"href":"https:\/\/diarioregionaldigital.com.br\/index.php?rest_route=\/wp\/v2\/media\/149340"}],"wp:attachment":[{"href":"https:\/\/diarioregionaldigital.com.br\/index.php?rest_route=%2Fwp%2Fv2%2Fmedia&parent=149339"}],"wp:term":[{"taxonomy":"category","embeddable":true,"href":"https:\/\/diarioregionaldigital.com.br\/index.php?rest_route=%2Fwp%2Fv2%2Fcategories&post=149339"},{"taxonomy":"post_tag","embeddable":true,"href":"https:\/\/diarioregionaldigital.com.br\/index.php?rest_route=%2Fwp%2Fv2%2Ftags&post=149339"}],"curies":[{"name":"wp","href":"https:\/\/api.w.org\/{rel}","templated":true}]}}