{"id":149324,"date":"2019-10-13T06:00:08","date_gmt":"2019-10-13T09:00:08","guid":{"rendered":"https:\/\/diarioregionaldigital.com.br\/?p=149324"},"modified":"2019-10-10T18:49:51","modified_gmt":"2019-10-10T21:49:51","slug":"homens-representam-1-do-total-de-casos-de-cancer-de-mama-no-brasil","status":"publish","type":"post","link":"https:\/\/diarioregionaldigital.com.br\/?p=149324","title":{"rendered":"Homens representam 1% do total de casos de c\u00e2ncer de mama no Brasil"},"content":{"rendered":"<p>Para cada 100 mulheres diagnosticadas com c\u00e2ncer de mama, existe um homem atingido pela doen\u00e7a. Isso significa que os homens representam 1% do total de casos de c\u00e2ncer de mama no Brasil.<\/p>\n<p>A m\u00e9dica Fabiana Tonelotto, chefe do Servi\u00e7o de Mastologia do Hospital do C\u00e2ncer 3 (HC3), unidade do Instituto Nacional de C\u00e2ncer Jos\u00e9 Alencar Gomes da Silva (INCA) alerta que os homens devem estar atentos a qualquer mudan\u00e7a ou altera\u00e7\u00e3o nas mamas.<\/p>\n<p>Retra\u00e7\u00e3o de pele, aparecimento de n\u00f3dulos ou caro\u00e7os, secre\u00e7\u00e3o pela ar\u00e9ola (mamilo), g\u00e2nglios ou \u00ednguas nas axilas s\u00e3o os sintomas mais comuns de c\u00e2ncer de mama em homens, al\u00e9m de vermelhid\u00e3o na \u00e1rea do peito e coceira.<\/p>\n<p>Fabiana Tonelotto revela que o tratamento para os homens \u00e9 igual ao das mulheres, com radioterapia, quimioterapia e hormonioterapia. Ela explica que como a mama \u00e9 pequena e atrofiada no homem, n\u00e3o tem tecido para que se fa\u00e7a uma cirurgia conservadora. E como o homem tem pouco tecido mam\u00e1rio, h\u00e1 mais facilidade de o c\u00e2ncer infiltrar na pele e no m\u00fasculo posterior do peito, provocando met\u00e1stase. \u201cPor isso, esse tratamento \u00e9 mais radical, com mastectomia [remo\u00e7\u00e3o da mama]\u201d, conta. O tumor fica grande em rela\u00e7\u00e3o ao tamanho da mama. \u201cToma uma propor\u00e7\u00e3o que n\u00e3o se pode poupar o tecido mam\u00e1rio\u201d, disse a especialista.<\/p>\n<p>&nbsp;<\/p>\n<p><strong>Gen\u00e9tica<\/strong><\/p>\n<p>A m\u00e9dica do INCA advertiu tamb\u00e9m que sempre que ocorre um caso de c\u00e2ncer de mama em homens, \u00e9 preciso avaliar todas as mulheres da fam\u00edlia, porque pode haver uma muta\u00e7\u00e3o gen\u00e9tica de BRCA (fam\u00edlia de genes), o que aumenta o risco de ter a doen\u00e7a. Em alguns casos, Fabiana disse que pode ser pedido um teste gen\u00e9tico. \u201c\u00c9 uma avalia\u00e7\u00e3o bem importante que se fa\u00e7a\u201d.<\/p>\n<p>Segundo Fabiana, \u00e9 quase desnecess\u00e1rio que o paciente fa\u00e7a umareconstru\u00e7\u00e3o da mama, porque os homens n\u00e3o t\u00eam mamas grandes. O que pode ser feito \u00e9 a tatuagem do mamilo ou ar\u00e9ola.<\/p>\n<p>Os casos de c\u00e2ncer de mama em homens n\u00e3o s\u00e3o frequentes no atendimento do INCA, porque s\u00e3o raros, uma vez que representam somente 1% do total de casos de c\u00e2ncer de mama. Pelo fato de n\u00e3o estar entre os tipos de c\u00e2ncer mais incidentes, o c\u00e2ncer de mama masculino n\u00e3o est\u00e1 inclu\u00eddo nas estimativas do INCA.<\/p>\n<p>&nbsp;<\/p>\n<p><strong>Estat\u00edsticas<\/strong><\/p>\n<p>De acordo com dados disponibilizados pelo Departamento de Inform\u00e1tica do Sistema \u00danico de Sa\u00fade (Datasus), do Minist\u00e9rio da Sa\u00fade, houve no pa\u00eds 16.724 mortes por c\u00e2ncer de mama feminino e 203 mortes por c\u00e2ncer de mama masculino no Brasil, em 2017. Em 2016, foram16.069 mortes por c\u00e2ncer de mama feminino no pa\u00eds e 185 mortes por c\u00e2ncer de mama masculino e, em 2015, ocorreram 15.403 mortes por c\u00e2ncer de mama feminino no Brasil e 187 mortes por c\u00e2ncer de mama masculino.<\/p>\n<p>&nbsp;<\/p>\n<p><strong>Outros fatores<\/strong><\/p>\n<p>De acordo com dados do INCA, disponibilizados pela assessoria de imprensa do \u00f3rg\u00e3o do Minist\u00e9rio da Sa\u00fade, outros fatores de risco para o c\u00e2ncer de mama em homens s\u00e3o condi\u00e7\u00f5es que podem aumentar o n\u00edvel de estrog\u00eanio no corpo, como obesidade, alcoolismo, doen\u00e7a hep\u00e1tica, s\u00edndrome de Klinefelter (quando uma pessoa do sexo masculino apresenta um cromossomo X a mais); e radioterapia pr\u00e9via para a \u00e1rea do t\u00f3rax.<\/p>\n<p>&nbsp;<\/p>\n<p><strong>Recidiva<\/strong><\/p>\n<p>H\u00e9lio Pepe foi diagnosticado com c\u00e2ncer de mama em 2012. Operou pela primeira vez em 2013 e, como a doen\u00e7a voltou, precisou operar novamente, em maio do ano passado. \u201cHoje, estou curado, n\u00e3o tenho mais nada\u201d, disse \u00e0 Ag\u00eancia Brasil. Trabalhador aut\u00f4nomo, com 61 anos de idade, H\u00e9lio revelou que teve que recorrer \u00e0 Justi\u00e7a Federal para receber benef\u00edcio do Instituto Nacional do Seguro Social (INSS), j\u00e1 que est\u00e1 afastado do trabalho. \u201cMesmo com toda a documenta\u00e7\u00e3o do INCA, foi uma luta conseguir alguma coisa no INSS. Mas as coisas est\u00e3o caminhando\u201d, assegurou. Indagado se pensava em fazer uma tatuagem do mamilo, foi enf\u00e1tico ao responder: \u201cN\u00e3o vejo necessidade. O importante \u00e9 a sa\u00fade\u201d.<\/p>\n<p>Casado e pai de dois filhos, H\u00e9lio viu um dos rapazes, de 31 anos, operar pela quarta vez de lipossarcoma (tumor maligno de tecido adiposo) no retroperit\u00f4nio (na barriga), no Hospital Universit\u00e1rio Clementino Fraga Filho (HUCFF), da Universidade Federal do Rio de Janeiro (UFRJ). A \u00faltima cirurgia foi na semana passada, no intestino.<\/p>\n<p>Por sugest\u00e3o de geneticista do INCA, H\u00e9lio Pepe se submeteu a exame para detectar se pode haver rela\u00e7\u00e3o gen\u00e9tica entre o c\u00e2ncer de mama que ele teve com a doen\u00e7a do filho. O resultado \u00e9 esperado para o final deste ano.<\/p>\n<p>&nbsp;<\/p>\n<p>Fonte: Ag\u00eancia Brasil<\/p>\n","protected":false},"excerpt":{"rendered":"<p>Para cada 100 mulheres diagnosticadas com c\u00e2ncer de mama, existe um homem atingido pela doen\u00e7a. Isso significa que os homens representam 1% do total de casos de c\u00e2ncer de mama no Brasil. A m\u00e9dica Fabiana Tonelotto, chefe do Servi\u00e7o de Mastologia do Hospital do C\u00e2ncer 3 (HC3), unidade do Instituto Nacional de C\u00e2ncer Jos\u00e9 Alencar [&hellip;]<\/p>\n","protected":false},"author":96,"featured_media":149325,"comment_status":"closed","ping_status":"closed","sticky":false,"template":"","format":"standard","meta":{"footnotes":""},"categories":[302,436,440,439],"tags":[],"class_list":["post-149324","post","type-post","status-publish","format-standard","has-post-thumbnail","hentry","category-brasil-mundo","category-destaque-da-semana","category-destaques-do-dia","category-ultima-hora"],"_links":{"self":[{"href":"https:\/\/diarioregionaldigital.com.br\/index.php?rest_route=\/wp\/v2\/posts\/149324","targetHints":{"allow":["GET"]}}],"collection":[{"href":"https:\/\/diarioregionaldigital.com.br\/index.php?rest_route=\/wp\/v2\/posts"}],"about":[{"href":"https:\/\/diarioregionaldigital.com.br\/index.php?rest_route=\/wp\/v2\/types\/post"}],"author":[{"embeddable":true,"href":"https:\/\/diarioregionaldigital.com.br\/index.php?rest_route=\/wp\/v2\/users\/96"}],"replies":[{"embeddable":true,"href":"https:\/\/diarioregionaldigital.com.br\/index.php?rest_route=%2Fwp%2Fv2%2Fcomments&post=149324"}],"version-history":[{"count":0,"href":"https:\/\/diarioregionaldigital.com.br\/index.php?rest_route=\/wp\/v2\/posts\/149324\/revisions"}],"wp:featuredmedia":[{"embeddable":true,"href":"https:\/\/diarioregionaldigital.com.br\/index.php?rest_route=\/wp\/v2\/media\/149325"}],"wp:attachment":[{"href":"https:\/\/diarioregionaldigital.com.br\/index.php?rest_route=%2Fwp%2Fv2%2Fmedia&parent=149324"}],"wp:term":[{"taxonomy":"category","embeddable":true,"href":"https:\/\/diarioregionaldigital.com.br\/index.php?rest_route=%2Fwp%2Fv2%2Fcategories&post=149324"},{"taxonomy":"post_tag","embeddable":true,"href":"https:\/\/diarioregionaldigital.com.br\/index.php?rest_route=%2Fwp%2Fv2%2Ftags&post=149324"}],"curies":[{"name":"wp","href":"https:\/\/api.w.org\/{rel}","templated":true}]}}