{"id":149077,"date":"2019-10-08T14:35:22","date_gmt":"2019-10-08T17:35:22","guid":{"rendered":"https:\/\/diarioregionaldigital.com.br\/?p=149077"},"modified":"2019-10-08T14:35:22","modified_gmt":"2019-10-08T17:35:22","slug":"bolsonaro-petroleo-pode-ter-sido-despejado-criminosamente","status":"publish","type":"post","link":"https:\/\/diarioregionaldigital.com.br\/?p=149077","title":{"rendered":"Bolsonaro: petr\u00f3leo pode ter sido despejado &#8220;criminosamente&#8221;"},"content":{"rendered":"<p>O presidente Jair Bolsonaro disse\u00a0hoje\u00a0(8) que as manchas de petr\u00f3leo que atingem o litoral do Nordeste desde o m\u00eas passado podem\u00a0ter\u00a0sido despejadas \u201ccriminosamente&#8221;. \u201c\u00c9 um volume que n\u00e3o est\u00e1 sendo constante. Se fosse de um navio que tivesse afundado estaria saindo ainda \u00f3leo. Parece que criminosamente algo foi despejado l\u00e1\u201d, disse, ao deixar o Pal\u00e1cio da Alvorada, ap\u00f3s reuni\u00e3o com o ministro do Meio Ambiente, Ricardo Salles.<\/p>\n<p>As manchas j\u00e1 atingem o litoral de todos os estados do Nordeste e seguem se movimentando pela costa brasileira. Trata-se de petr\u00f3leo cru, ou seja, n\u00e3o se origina de nenhum derivado de \u00f3leo, como gasolina e outros. De acordo com Bolsonaro, a densidade da subst\u00e2ncia \u00e9 \u201cum pouquinho maior\u201d que a \u00e1gua salgada, por isso, quando no mar, fica submersa.<\/p>\n<p>O ministro Ricardo Salles tamb\u00e9m explicou que o movimento do \u00f3leo tem sido de ida e volta do mar para a costa. \u201cNosso papel \u00e9 agir r\u00e1pido para retirar aquilo que est\u00e1 em solo\u201d, disse o ministro. Mais de 100 toneladas de borra de petr\u00f3leo j\u00e1 foram recolhidas, de acordo com Salles.<\/p>\n<p>Ontem (7), ap\u00f3s reuni\u00e3o de emerg\u00eancia sobre o assunto no Minist\u00e9rio da Defesa, o presidente Bolsonaro destacou que o \u00f3leo n\u00e3o \u00e9 produzido e nem comercializado no Brasil e que h\u00e1 uma suspeita sobre o seu pa\u00eds de origem.\u00a0Hoje, perguntado novamente, ele voltou a dizer que essa \u00e9 uma informa\u00e7\u00e3o reservada. \u201cEu n\u00e3o posso acusar um pa\u00eds e vai que n\u00e3o \u00e9 aquele vai, eu n\u00e3o quero criar um problema com outros pa\u00edses\u201d, disse.<\/p>\n<p>Um\u00a0inqu\u00e9rito foi aberto\u00a0pela Pol\u00edcia Federal (PF), na semana passada, para apurar a origem da subst\u00e2ncia. A contamina\u00e7\u00e3o tamb\u00e9m \u00e9 monitorada por \u00f3rg\u00e3os como o Instituto Brasileiro do Meio Ambiente e dos Recursos Naturais Renov\u00e1veis (Ibama) e o Instituto Chico Mendes de Conserva\u00e7\u00e3o da Biodiversidade (ICMBio) desde o\u00a0dia\u00a02 de setembro, quando as primeiras manchas foram localizadas no litoral nordestino.<\/p>\n<p>Bolsonaro tamb\u00e9m determinou, por meio de decreto, publicado no \u00faltimo\u00a0s\u00e1bado\u00a0(5), uma investiga\u00e7\u00e3o sobre as causas e a responsabilidade sobre o derramamento do \u00f3leo.<\/p>\n<p>Fonte: Ag\u00eancia Brasil<\/p>\n","protected":false},"excerpt":{"rendered":"<p>O presidente Jair Bolsonaro disse\u00a0hoje\u00a0(8) que as manchas de petr\u00f3leo que atingem o litoral do Nordeste desde o m\u00eas passado podem\u00a0ter\u00a0sido despejadas \u201ccriminosamente&#8221;. \u201c\u00c9 um volume que n\u00e3o est\u00e1 sendo constante. Se fosse de um navio que tivesse afundado estaria saindo ainda \u00f3leo. Parece que criminosamente algo foi despejado l\u00e1\u201d, disse, ao deixar o Pal\u00e1cio [&hellip;]<\/p>\n","protected":false},"author":96,"featured_media":149078,"comment_status":"closed","ping_status":"closed","sticky":false,"template":"","format":"standard","meta":{"footnotes":""},"categories":[436,254,439],"tags":[],"class_list":["post-149077","post","type-post","status-publish","format-standard","has-post-thumbnail","hentry","category-destaque-da-semana","category-politica","category-ultima-hora"],"_links":{"self":[{"href":"https:\/\/diarioregionaldigital.com.br\/index.php?rest_route=\/wp\/v2\/posts\/149077","targetHints":{"allow":["GET"]}}],"collection":[{"href":"https:\/\/diarioregionaldigital.com.br\/index.php?rest_route=\/wp\/v2\/posts"}],"about":[{"href":"https:\/\/diarioregionaldigital.com.br\/index.php?rest_route=\/wp\/v2\/types\/post"}],"author":[{"embeddable":true,"href":"https:\/\/diarioregionaldigital.com.br\/index.php?rest_route=\/wp\/v2\/users\/96"}],"replies":[{"embeddable":true,"href":"https:\/\/diarioregionaldigital.com.br\/index.php?rest_route=%2Fwp%2Fv2%2Fcomments&post=149077"}],"version-history":[{"count":0,"href":"https:\/\/diarioregionaldigital.com.br\/index.php?rest_route=\/wp\/v2\/posts\/149077\/revisions"}],"wp:featuredmedia":[{"embeddable":true,"href":"https:\/\/diarioregionaldigital.com.br\/index.php?rest_route=\/wp\/v2\/media\/149078"}],"wp:attachment":[{"href":"https:\/\/diarioregionaldigital.com.br\/index.php?rest_route=%2Fwp%2Fv2%2Fmedia&parent=149077"}],"wp:term":[{"taxonomy":"category","embeddable":true,"href":"https:\/\/diarioregionaldigital.com.br\/index.php?rest_route=%2Fwp%2Fv2%2Fcategories&post=149077"},{"taxonomy":"post_tag","embeddable":true,"href":"https:\/\/diarioregionaldigital.com.br\/index.php?rest_route=%2Fwp%2Fv2%2Ftags&post=149077"}],"curies":[{"name":"wp","href":"https:\/\/api.w.org\/{rel}","templated":true}]}}