{"id":149075,"date":"2019-10-08T14:28:48","date_gmt":"2019-10-08T17:28:48","guid":{"rendered":"https:\/\/diarioregionaldigital.com.br\/?p=149075"},"modified":"2019-10-08T14:28:48","modified_gmt":"2019-10-08T17:28:48","slug":"governo-analisa-mudanca-de-regra-para-novos-servidores-publicos","status":"publish","type":"post","link":"https:\/\/diarioregionaldigital.com.br\/?p=149075","title":{"rendered":"Governo analisa mudan\u00e7a de regra para novos servidores p\u00fablicos"},"content":{"rendered":"<p>A reforma administrativa que est\u00e1 em elabora\u00e7\u00e3o pelo Minist\u00e9rio da Economia pode incluir regras diferentes para quem venha a entrar no servi\u00e7o p\u00fablico no futuro. A informa\u00e7\u00e3o foi divulgada hoje (7) pelo porta-voz da Presid\u00eancia da Rep\u00fablica, Ot\u00e1vio R\u00eago Barros, durante entrevista a jornalistas, no Pal\u00e1cio do Planalto. R\u00eago Barros ressaltou, no entanto, que o governo n\u00e3o cogita mexer na situa\u00e7\u00e3o jur\u00eddica dos atuais funcion\u00e1rios p\u00fablicos, que devem permanecer, por exemplo, com estabilidade no cargo.<\/p>\n<p>&#8220;O presidente n\u00e3o cogita os atuais funcion\u00e1rios p\u00fablicos de terem a sua situa\u00e7\u00e3o legal modificada. Que aqueles que venham a adentrar no servi\u00e7o p\u00fablico, futuramente, [a estabilidade] est\u00e1 sob an\u00e1lise da nossas equipes e, a partir dessa an\u00e1lise, o presidente tomar\u00e1 a decis\u00e3o, \u00f3bvio, em cons\u00f3rcio com o Congresso que, ao fim e ao cabo, deve tomar a decis\u00e3o final&#8221;, disse R\u00eago Barros.<\/p>\n<p>Pela manh\u00e3, o pr\u00f3prio presidente da Rep\u00fablica afirmou \u00e0 imprensa que nunca discutiu acabar com o\u00a0fim da estabilidade para servidores p\u00fablicos. A afirma\u00e7\u00e3o, feita hoje na sa\u00edda do Pal\u00e1cio da Alvorada, foi em resposta a uma mat\u00e9ria publicada pelo jornal<em>\u00a0Correio Braziliense<\/em>. De acordo com o jornal, a proposta de reforma administrativa a ser enviada ao Congresso Nacional previa tal medida.<\/p>\n<h2>Ministro do Turismo<\/h2>\n<p>O porta-voz do governo tamb\u00e9m refor\u00e7ou a posi\u00e7\u00e3o do presidente pela manuten\u00e7\u00e3o do ministro do Turismo, Marcelo \u00c1lvaro Antonio, que foi denunciado pela Procuradoria Eleitoral de Minas Gerais pelo\u00a0suposto uso de candidaturas-laranjas do PSL\u00a0no estado nas elei\u00e7\u00f5es do ano passado.<\/p>\n<p>&#8220;N\u00e3o h\u00e1 da parte do presidente, nesse momento, qualquer ind\u00edcio ou qualquer formula\u00e7\u00e3o de ideia no sentido de substituir o ministro. O ministro se mant\u00e9m no cargo e det\u00e9m a confian\u00e7a do presidente Jair Bolsonaro&#8221;, disse R\u00eago Barros.<\/p>\n<p>Segundo a den\u00fancia, na condi\u00e7\u00e3o de presidente estadual do partido, \u00c1lvaro Ant\u00f4nio participou da inscri\u00e7\u00e3o de candidaturas de fachada de mulheres para permitir o acesso de recursos do fundo eleitoral. O ministro nega as acusa\u00e7\u00f5es.<\/p>\n<p>Fonte: Ag\u00eancia Brasil<\/p>\n","protected":false},"excerpt":{"rendered":"<p>A reforma administrativa que est\u00e1 em elabora\u00e7\u00e3o pelo Minist\u00e9rio da Economia pode incluir regras diferentes para quem venha a entrar no servi\u00e7o p\u00fablico no futuro. A informa\u00e7\u00e3o foi divulgada hoje (7) pelo porta-voz da Presid\u00eancia da Rep\u00fablica, Ot\u00e1vio R\u00eago Barros, durante entrevista a jornalistas, no Pal\u00e1cio do Planalto. R\u00eago Barros ressaltou, no entanto, que o [&hellip;]<\/p>\n","protected":false},"author":96,"featured_media":146415,"comment_status":"closed","ping_status":"closed","sticky":false,"template":"","format":"standard","meta":{"footnotes":""},"categories":[436,254,439],"tags":[],"class_list":["post-149075","post","type-post","status-publish","format-standard","has-post-thumbnail","hentry","category-destaque-da-semana","category-politica","category-ultima-hora"],"_links":{"self":[{"href":"https:\/\/diarioregionaldigital.com.br\/index.php?rest_route=\/wp\/v2\/posts\/149075","targetHints":{"allow":["GET"]}}],"collection":[{"href":"https:\/\/diarioregionaldigital.com.br\/index.php?rest_route=\/wp\/v2\/posts"}],"about":[{"href":"https:\/\/diarioregionaldigital.com.br\/index.php?rest_route=\/wp\/v2\/types\/post"}],"author":[{"embeddable":true,"href":"https:\/\/diarioregionaldigital.com.br\/index.php?rest_route=\/wp\/v2\/users\/96"}],"replies":[{"embeddable":true,"href":"https:\/\/diarioregionaldigital.com.br\/index.php?rest_route=%2Fwp%2Fv2%2Fcomments&post=149075"}],"version-history":[{"count":0,"href":"https:\/\/diarioregionaldigital.com.br\/index.php?rest_route=\/wp\/v2\/posts\/149075\/revisions"}],"wp:featuredmedia":[{"embeddable":true,"href":"https:\/\/diarioregionaldigital.com.br\/index.php?rest_route=\/wp\/v2\/media\/146415"}],"wp:attachment":[{"href":"https:\/\/diarioregionaldigital.com.br\/index.php?rest_route=%2Fwp%2Fv2%2Fmedia&parent=149075"}],"wp:term":[{"taxonomy":"category","embeddable":true,"href":"https:\/\/diarioregionaldigital.com.br\/index.php?rest_route=%2Fwp%2Fv2%2Fcategories&post=149075"},{"taxonomy":"post_tag","embeddable":true,"href":"https:\/\/diarioregionaldigital.com.br\/index.php?rest_route=%2Fwp%2Fv2%2Ftags&post=149075"}],"curies":[{"name":"wp","href":"https:\/\/api.w.org\/{rel}","templated":true}]}}