{"id":149070,"date":"2019-10-08T06:00:28","date_gmt":"2019-10-08T09:00:28","guid":{"rendered":"https:\/\/diarioregionaldigital.com.br\/?p=149070"},"modified":"2019-10-07T19:29:27","modified_gmt":"2019-10-07T22:29:27","slug":"o-eu-superior-e-o-eu-inferior-2","status":"publish","type":"post","link":"https:\/\/diarioregionaldigital.com.br\/?p=149070","title":{"rendered":"O \u201cEu Superior\u201d e o \u201cEu Inferior\u201d"},"content":{"rendered":"<p style=\"text-align: center;\"><span style=\"font-size: 14pt;\"><strong>O \u201cEu Superior\u201d e o \u201cEu Inferior\u201d<\/strong><\/span><\/p>\n<p style=\"text-align: center;\">Existe um prov\u00e9rbio antigo que diz: \u201cO maior vitorioso \u00e9 aquele que vence a si pr\u00f3prio\u201d, Este prov\u00e9rbio expressa o fato de que no ser humano existem o \u201ceu inferior\u201d e o \u201ceu superior\u201d, e significa que o maior vitorioso \u00e9 aquele que consegue dominar o \u201ceu inferior\u201d com a for\u00e7a do \u201ceu superior\u201d. Hoje em dia, \u00e9 comum as pessoas apregoarem que \u201ca democracia consiste em defender a liberdade e os direitos do indiv\u00edduo\u201d. Mas muitos que fazem tal afirma\u00e7\u00e3o denotam um autoconhecimento bastante falho. Embora falem em liberdade e direitos do indiv\u00edduo, n\u00e3o t\u00eam autocogni\u00e7\u00e3o suficiente para discernir se o termo \u201cindiv\u00edduo\u201d, nesse contexto, se refere ao \u201ceu superior\u201d ou ao \u201ceu inferior\u201d. No aforismo \u201cPraticar um ato de benevol\u00eancia sacrificando a si pr\u00f3prio\u201d, percebemos que quem pratica esse ato de benevol\u00eancia \u00e9 o \u201ceu superior\u201d; j\u00e1 nas frases como \u201cAgir com ego\u00edsmo, para defender a si pr\u00f3prio\u201d, quem age desse modo \u00e9 o \u201ceu inferior\u201d. Que acontecer\u00e1 se todos se lan\u00e7arem \u00e1 busca da liberdade e direitos do indiv\u00edduo sem fazer distin\u00e7\u00e3o entre o \u201ceu superior\u201d e o \u201ceu inferior\u201d? Provavelmente, muitas pessoas desejar\u00e3o a liberdade de procurar somente os prazeres e o conforto do corpo, e poucas se empenhar\u00e3o em prol da sociedade e do pr\u00f3ximo, renunciando ao conforto e aos prazeres f\u00edsicos. Nos dias atuais, em nome da \u201ceduca\u00e7\u00e3o democr\u00e1tica\u201d, muitos japoneses repudiam o preceito escrito pelo imperador Meiji, que diz: \u201cNuma crise nacional, todo cidad\u00e3o deve se dedicar em prol da na\u00e7\u00e3o\u201d, considerando-o um ensinamento arcaico, de cunho feudalista. \u00c9 evidente que tais pessoas consideram antiquada a ideia de dedicar-se para o bem de todos e estimulam a postura individualista de buscar a satisfa\u00e7\u00e3o dos desejos pessoais, partindo da ideia equivocada de que essa \u00e9 a nova moral, de cunho democr\u00e1tico. Numa \u00e9poca conturbada como esta, em que se verifica uma invers\u00e3o de valores morais, surgem pessoas que pensam somente nas conveni\u00eancias pr\u00f3prias, n\u00e3o se importando com o destino da p\u00e1tria; e cresce tamb\u00e9m o n\u00famero de trabalhadores que \u2018insistem em fazer greves para conseguir um aumento salarial, sem considerar a conjuntura nacional, sem refletir que o aumento salarial dos empregados na atual circunst\u00e2ncia levaria as empresas \u00e0 fal\u00eancia, o que resultaria num retrocesso do Jap\u00e3o no panorama econ\u00f4mico internacional. Em resumo, aumenta o n\u00famero de pessoas que n\u00e3o se preocupam nem um pouco com quest\u00f5es de interesse p\u00fablico. \u00c9 certo defender a liberdade e os direitos do ser humano. Para isso, por\u00e9m, \u00e9 necess\u00e1rio fazer clara distin\u00e7\u00e3o entre o \u201ceu superior\u201d e o \u201ceu inferior\u201d do ser humano. Caso contr\u00e1rio, corre-se o risco de ter uma ideia confusa a respeito de liberdade e direitos do homem e agir de modo equivocado.<\/p>\n","protected":false},"excerpt":{"rendered":"<p>O \u201cEu Superior\u201d e o \u201cEu Inferior\u201d Existe um prov\u00e9rbio antigo que diz: \u201cO maior vitorioso \u00e9 aquele que vence a si pr\u00f3prio\u201d, Este prov\u00e9rbio expressa o fato de que no ser humano existem o \u201ceu inferior\u201d e o \u201ceu superior\u201d, e significa que o maior vitorioso \u00e9 aquele que consegue dominar o \u201ceu inferior\u201d [&hellip;]<\/p>\n","protected":false},"author":96,"featured_media":0,"comment_status":"closed","ping_status":"closed","sticky":false,"template":"","format":"standard","meta":{"footnotes":""},"categories":[263],"tags":[],"class_list":["post-149070","post","type-post","status-publish","format-standard","hentry","category-jane-aragao"],"_links":{"self":[{"href":"https:\/\/diarioregionaldigital.com.br\/index.php?rest_route=\/wp\/v2\/posts\/149070","targetHints":{"allow":["GET"]}}],"collection":[{"href":"https:\/\/diarioregionaldigital.com.br\/index.php?rest_route=\/wp\/v2\/posts"}],"about":[{"href":"https:\/\/diarioregionaldigital.com.br\/index.php?rest_route=\/wp\/v2\/types\/post"}],"author":[{"embeddable":true,"href":"https:\/\/diarioregionaldigital.com.br\/index.php?rest_route=\/wp\/v2\/users\/96"}],"replies":[{"embeddable":true,"href":"https:\/\/diarioregionaldigital.com.br\/index.php?rest_route=%2Fwp%2Fv2%2Fcomments&post=149070"}],"version-history":[{"count":0,"href":"https:\/\/diarioregionaldigital.com.br\/index.php?rest_route=\/wp\/v2\/posts\/149070\/revisions"}],"wp:attachment":[{"href":"https:\/\/diarioregionaldigital.com.br\/index.php?rest_route=%2Fwp%2Fv2%2Fmedia&parent=149070"}],"wp:term":[{"taxonomy":"category","embeddable":true,"href":"https:\/\/diarioregionaldigital.com.br\/index.php?rest_route=%2Fwp%2Fv2%2Fcategories&post=149070"},{"taxonomy":"post_tag","embeddable":true,"href":"https:\/\/diarioregionaldigital.com.br\/index.php?rest_route=%2Fwp%2Fv2%2Ftags&post=149070"}],"curies":[{"name":"wp","href":"https:\/\/api.w.org\/{rel}","templated":true}]}}