{"id":149068,"date":"2019-10-08T06:00:51","date_gmt":"2019-10-08T09:00:51","guid":{"rendered":"https:\/\/diarioregionaldigital.com.br\/?p=149068"},"modified":"2019-10-07T19:26:08","modified_gmt":"2019-10-07T22:26:08","slug":"sindedif-jf-condominios-08-10-19","status":"publish","type":"post","link":"https:\/\/diarioregionaldigital.com.br\/?p=149068","title":{"rendered":"SINDEDIF JF &#8211; Condom\u00ednios &#8211; 08\/10\/19"},"content":{"rendered":"<p style=\"text-align: center;\"><strong>SINDICATO DOS EMPREGADOS EM EDIF\u00cdCIOS E EMPREGADOS EM EMPRESAS DE COMPRA, VENDA, LOCA\u00c7\u00c3O E ADMINISTRA\u00c7\u00c3O DE IM\u00d3VEIS COMERCIAIS E RESIDENCIAIS DE JUIZ DE FORA \u2013 SINDEDIF-JF \u2013 EDITAL DE CONVOCA\u00c7\u00c3O &#8211; ASSEMBLEIA GERAL EXTRAORDIN\u00c1RIA<\/strong> &#8211; O Presidente do Sindicato, no uso de suas atribui\u00e7\u00f5es estatut\u00e1rias, convoca todos os trabalhadores integrantes da categoria <strong>(empregados nos condom\u00ednios de Juiz de Fora)<\/strong>, associados ou n\u00e3o, para participarem da <strong>ASSEMBLEIA GERAL EXTRAORDIN\u00c1RIA<\/strong>, a se realizar na sede do Sindicato, na <strong>Av. Get\u00falio Vargas, N\u00ba 828, Sala 603<\/strong>, Centro \u2013 Juiz de Fora \u2013 MG, no dia <strong>14 de outubro de 2019<\/strong>, \u00e0s 17:00 horas, em primeira convoca\u00e7\u00e3o, ou caso n\u00e3o haja \u201cquorum\u201d, \u00e0s <strong>18:00 horas<\/strong>, em segunda convoca\u00e7\u00e3o, com qualquer n\u00famero de presentes, para tratar da seguinte ordem do dia: <strong>1)<\/strong> Leitura do Edital de Convoca\u00e7\u00e3o: <strong>2)<\/strong> Leitura, discuss\u00e3o e aprova\u00e7\u00e3o (ou n\u00e3o) da Ata anterior; <strong>3)<\/strong> Elabora\u00e7\u00e3o, discuss\u00e3o e aprova\u00e7\u00e3o (ou n\u00e3o) da Pauta de Reivindica\u00e7\u00f5es da categoria a ser encaminhada ao Sindicato dos Condom\u00ednios de Juiz de Fora e da Zona da Mata Mineira, com vistas \u00e0 celebra\u00e7\u00e3o da Conven\u00e7\u00e3o Coletiva de Trabalho\/2020-2022 da classe, cuja data-base \u00e9 01 de janeiro; <strong>4)<\/strong> Autoriza\u00e7\u00e3o \u00e0 Diretoria do Sindicato para celebrar Acordo Coletivo de Trabalho e\/ou Conven\u00e7\u00e3o Coletiva de Trabalho\/2020-2022 da classe, ou, na sua impossibilidade, suscitar Diss\u00eddio Coletivo no Egr\u00e9gio Tribunal Regional do Trabalho da 3\u00aa Regi\u00e3o, em Belo Horizonte; <strong>5)<\/strong> Autoriza\u00e7\u00e3o (ou n\u00e3o), pela Assembleia, de Contribui\u00e7\u00e3o Sindical e\/ou Contribui\u00e7\u00e3o Assistencial\/Negocial mensal e\/ou anual em favor do Sindicato Profissional, na forma do disposto no Inciso IV do Art. 8\u00ba da Constitui\u00e7\u00e3o Federal; Art. 513, al\u00ednea \u201ce \u201c, da CLT, e outros dispositivos legais vigentes; Estatuto da Entidade; e no Art. 8\u00ba da Conven\u00e7\u00e3o 95 da OIT, aprovada e promulgada pelo Brasil (com vig\u00eancia nacional desde 25\/04\/1958); e <strong>6)<\/strong> Encerramento. Juiz de Fora (MG), 08 de outubro de 2019. Luiz Jos\u00e9 da Silva \u2013 Presidente.<\/p>\n","protected":false},"excerpt":{"rendered":"<p>SINDICATO DOS EMPREGADOS EM EDIF\u00cdCIOS E EMPREGADOS EM EMPRESAS DE COMPRA, VENDA, LOCA\u00c7\u00c3O E ADMINISTRA\u00c7\u00c3O DE IM\u00d3VEIS COMERCIAIS E RESIDENCIAIS DE JUIZ DE FORA \u2013 SINDEDIF-JF \u2013 EDITAL DE CONVOCA\u00c7\u00c3O &#8211; ASSEMBLEIA GERAL EXTRAORDIN\u00c1RIA &#8211; O Presidente do Sindicato, no uso de suas atribui\u00e7\u00f5es estatut\u00e1rias, convoca todos os trabalhadores integrantes da categoria (empregados nos condom\u00ednios [&hellip;]<\/p>\n","protected":false},"author":96,"featured_media":0,"comment_status":"closed","ping_status":"closed","sticky":false,"template":"","format":"standard","meta":{"footnotes":""},"categories":[307],"tags":[],"class_list":["post-149068","post","type-post","status-publish","format-standard","hentry","category-editais"],"_links":{"self":[{"href":"https:\/\/diarioregionaldigital.com.br\/index.php?rest_route=\/wp\/v2\/posts\/149068","targetHints":{"allow":["GET"]}}],"collection":[{"href":"https:\/\/diarioregionaldigital.com.br\/index.php?rest_route=\/wp\/v2\/posts"}],"about":[{"href":"https:\/\/diarioregionaldigital.com.br\/index.php?rest_route=\/wp\/v2\/types\/post"}],"author":[{"embeddable":true,"href":"https:\/\/diarioregionaldigital.com.br\/index.php?rest_route=\/wp\/v2\/users\/96"}],"replies":[{"embeddable":true,"href":"https:\/\/diarioregionaldigital.com.br\/index.php?rest_route=%2Fwp%2Fv2%2Fcomments&post=149068"}],"version-history":[{"count":0,"href":"https:\/\/diarioregionaldigital.com.br\/index.php?rest_route=\/wp\/v2\/posts\/149068\/revisions"}],"wp:attachment":[{"href":"https:\/\/diarioregionaldigital.com.br\/index.php?rest_route=%2Fwp%2Fv2%2Fmedia&parent=149068"}],"wp:term":[{"taxonomy":"category","embeddable":true,"href":"https:\/\/diarioregionaldigital.com.br\/index.php?rest_route=%2Fwp%2Fv2%2Fcategories&post=149068"},{"taxonomy":"post_tag","embeddable":true,"href":"https:\/\/diarioregionaldigital.com.br\/index.php?rest_route=%2Fwp%2Fv2%2Ftags&post=149068"}],"curies":[{"name":"wp","href":"https:\/\/api.w.org\/{rel}","templated":true}]}}