{"id":149052,"date":"2019-10-07T18:50:12","date_gmt":"2019-10-07T21:50:12","guid":{"rendered":"https:\/\/diarioregionaldigital.com.br\/?p=149052"},"modified":"2019-10-07T18:50:12","modified_gmt":"2019-10-07T21:50:12","slug":"sel-recebe-finais-do-volei-dos-jogos-intercolegiais","status":"publish","type":"post","link":"https:\/\/diarioregionaldigital.com.br\/?p=149052","title":{"rendered":"SEL recebe finais do v\u00f4lei dos Jogos Intercolegiais"},"content":{"rendered":"<p>As finais do v\u00f4lei animaram o gin\u00e1sio da Secretaria de Esporte e Lazer (SEL) na tarde de sexta-feira, 4. No primeiro jogo da tarde, as meninas do Col\u00e9gio Apogeu foram as campe\u00e3s da categoria juvenil, vencendo a equipe da Escola Estadual (E.E.) &#8220;Fernando Lobo&#8221;, por 2 a 0. Participando da categoria pela \u00faltima vez, Ana Clara de Almeida, atleta do Col\u00e9gio Apogeu, comemorou o t\u00edtulo: &#8220;\u00c9 uma experi\u00eancia que eu vou guardar no cora\u00e7\u00e3o. Agrade\u00e7o a oportunidade que o Apogeu me deu&#8221;.<\/p>\n<p>No segundo jogo da tarde, a equipe do Col\u00e9gio dos Jesu\u00edtas venceu ada Escola Municipal (E. E.) Fern\u00e3o Dias Paes por 2 a 0 e foi a campe\u00e3 da categoria infantil masculina. Para Pedro Val\u00e9rio, a experi\u00eancia valeu muito: &#8220;foi uma disputa muito sadia. \u00c9 muito bom voc\u00ea ver o trabalho que voc\u00ea fez o ano todo com seus amigos, dando frutos assim&#8221;. E, na partida mais disputada da tarde, os meninos do Col\u00e9gio Militar de Juiz de Fora venceram a equipe do Col\u00e9gio Stella Matutina, tamb\u00e9m por 2 a 0, e foram os campe\u00f5es da categoria juvenil. Pedro Victor do Carmo Baptista participa todos os anos dos Jogos Intercolegiais e gostou do n\u00edvel de competitividade das equipes: &#8220;Eu acredito que os Jogos Intercolegiais s\u00e3o uma \u00f3tima oportunidade de disputar o v\u00f4lei na cidade. A dificuldade est\u00e1 aumentando, com o desenvolvimento dos atletas. O caminho at\u00e9 a final foi bem intenso, passamos por grandes desafios, mas conseguimos ser campe\u00f5es&#8221;.<\/p>\n<p>&nbsp;<\/p>\n<p><strong>A COMPETI\u00c7\u00c3O<\/strong><\/p>\n<p>Os \u201cJogos Intercolegiais\u201d s\u00e3o organizados pelo Departamento de Inicia\u00e7\u00e3o, Forma\u00e7\u00e3o e Regimento Esportivo da Secretaria de Esporte e Lazer (SEL) da Prefeitura de Juiz de Fora (PJF). T\u00eam por finalidade incentivar a participa\u00e7\u00e3o das institui\u00e7\u00f5es de ensino em atividades esportivas, promover ampla mobiliza\u00e7\u00e3o da juventude estudantil em torno do esporte e a integra\u00e7\u00e3o entre os estudantes em idade escolar. A competi\u00e7\u00e3o envolve alunos das redes p\u00fablicas municipal, estadual, federal e particular do munic\u00edpio, na faixa entre 12 e 17 anos. S\u00e3o disputadas 16 modalidades individuais e coletivas, dentre elas, provas paral\u00edmpicas.<\/p>\n<p>Fonte: Assessoria<\/p>\n","protected":false},"excerpt":{"rendered":"<p>As finais do v\u00f4lei animaram o gin\u00e1sio da Secretaria de Esporte e Lazer (SEL) na tarde de sexta-feira, 4. No primeiro jogo da tarde, as meninas do Col\u00e9gio Apogeu foram as campe\u00e3s da categoria juvenil, vencendo a equipe da Escola Estadual (E.E.) &#8220;Fernando Lobo&#8221;, por 2 a 0. Participando da categoria pela \u00faltima vez, Ana [&hellip;]<\/p>\n","protected":false},"author":96,"featured_media":149057,"comment_status":"closed","ping_status":"closed","sticky":false,"template":"","format":"standard","meta":{"footnotes":""},"categories":[436,257,439],"tags":[],"class_list":["post-149052","post","type-post","status-publish","format-standard","has-post-thumbnail","hentry","category-destaque-da-semana","category-esporte","category-ultima-hora"],"_links":{"self":[{"href":"https:\/\/diarioregionaldigital.com.br\/index.php?rest_route=\/wp\/v2\/posts\/149052","targetHints":{"allow":["GET"]}}],"collection":[{"href":"https:\/\/diarioregionaldigital.com.br\/index.php?rest_route=\/wp\/v2\/posts"}],"about":[{"href":"https:\/\/diarioregionaldigital.com.br\/index.php?rest_route=\/wp\/v2\/types\/post"}],"author":[{"embeddable":true,"href":"https:\/\/diarioregionaldigital.com.br\/index.php?rest_route=\/wp\/v2\/users\/96"}],"replies":[{"embeddable":true,"href":"https:\/\/diarioregionaldigital.com.br\/index.php?rest_route=%2Fwp%2Fv2%2Fcomments&post=149052"}],"version-history":[{"count":0,"href":"https:\/\/diarioregionaldigital.com.br\/index.php?rest_route=\/wp\/v2\/posts\/149052\/revisions"}],"wp:featuredmedia":[{"embeddable":true,"href":"https:\/\/diarioregionaldigital.com.br\/index.php?rest_route=\/wp\/v2\/media\/149057"}],"wp:attachment":[{"href":"https:\/\/diarioregionaldigital.com.br\/index.php?rest_route=%2Fwp%2Fv2%2Fmedia&parent=149052"}],"wp:term":[{"taxonomy":"category","embeddable":true,"href":"https:\/\/diarioregionaldigital.com.br\/index.php?rest_route=%2Fwp%2Fv2%2Fcategories&post=149052"},{"taxonomy":"post_tag","embeddable":true,"href":"https:\/\/diarioregionaldigital.com.br\/index.php?rest_route=%2Fwp%2Fv2%2Ftags&post=149052"}],"curies":[{"name":"wp","href":"https:\/\/api.w.org\/{rel}","templated":true}]}}