{"id":149051,"date":"2019-10-07T14:37:44","date_gmt":"2019-10-07T17:37:44","guid":{"rendered":"https:\/\/diarioregionaldigital.com.br\/?p=149051"},"modified":"2019-10-07T18:49:16","modified_gmt":"2019-10-07T21:49:16","slug":"nautico-empata-com-o-sampaio-correa-e-fatura-o-titulo-da-serie-c","status":"publish","type":"post","link":"https:\/\/diarioregionaldigital.com.br\/?p=149051","title":{"rendered":"N\u00c1UTICO EMPATA COM O SAMPAIO CORR\u00caA E FATURA O T\u00cdTULO DA S\u00c9RIE C"},"content":{"rendered":"<p>O N\u00e1utico \u00e9 campe\u00e3o da S\u00e9rie C do Brasileir\u00e3o 2019! Em jogo eletrizante neste domingo (6), o Timbu ficou duas vezes atr\u00e1s no placar, mas correu atr\u00e1s e arrancou o empate em 2 a 2 com o Sampaio Corr\u00eaa, no Castel\u00e3o, em S\u00e3o Lu\u00eds. Como havia vencido por 3 a 1 em Recife, a igualdade garantiu o caneco aos pernambucanos.<\/p>\n<p>O N\u00e1utico fechou sua campanha na S\u00e9rie C 2019 com 12 vit\u00f3rias, seis empates e seis derrotas. Foram 34 gols marcados e 26 sofridos.<\/p>\n<p>&nbsp;<\/p>\n<p><strong>O JOGO<\/strong><\/p>\n<p>Precisando marcar ao menos dois gols para levar a decis\u00e3o aos p\u00eanaltis, o Sampaio partiu para cima na etapa inicial. Criando chances, o Bol\u00edvia poderia ter ido para o intervalo com uma vantagem maior, mas o 1 a 0 foi o placar do primeiro tempo. A jogada do gol foi assim: aos 13, Everton abriu pela direita, voltou para a esquerda e chutou colocado para abrir placar em S\u00e3o Lu\u00eds. Com demasiado preciosismo, a ainda bola quicou no gramado e enganou o goleiro Jefferson. No fim da etapa, foram seis finaliza\u00e7\u00f5es do time da casa contra apenas uma do Timbu.<\/p>\n<p>O N\u00e1utico voltou mais ligado para a derradeira etapa, e rapidamente chegou ao empate. Logo aos seis, Jean Carlos cobrou escanteio, \u00c1lvaro ganhou da defesa no alto e deixou tudo igual no Castel\u00e3o. Nos minutos seguintes, o Sampaio saiu na base do abafa pra cima do N\u00e1utico. aos 36, Eloir arriscou uma bomba e acertou a trave do goleiro Jefferson. No minuto seguinte, para del\u00edrio da torcida, Esquerdinha invadiu a \u00e1rea e colocou o Sampaio de novo em vantagem. Mas, como um balde de \u00e1gua fria, o Timbu empatou no lance seguinte: aos 39, Jean lan\u00e7ou para Matheus Carvalho, que aproveitou falha da defesa do Sampaio e bateu sem chances para Andrey.<\/p>\n<p>Ao apito final, os jogadores do N\u00e1utico fizeram a festa com o t\u00edtulo da S\u00e9rie C do Brasileir\u00e3o 2019! Dessa forma, Sampaio Corr\u00eaa, N\u00e1utico, Confian\u00e7a-SE e Juventude est\u00e3o garantidos na S\u00e9rie B do ano que vem.<\/p>\n<p>Fonte: CBF<\/p>\n","protected":false},"excerpt":{"rendered":"<p>O N\u00e1utico \u00e9 campe\u00e3o da S\u00e9rie C do Brasileir\u00e3o 2019! Em jogo eletrizante neste domingo (6), o Timbu ficou duas vezes atr\u00e1s no placar, mas correu atr\u00e1s e arrancou o empate em 2 a 2 com o Sampaio Corr\u00eaa, no Castel\u00e3o, em S\u00e3o Lu\u00eds. Como havia vencido por 3 a 1 em Recife, a igualdade [&hellip;]<\/p>\n","protected":false},"author":96,"featured_media":149056,"comment_status":"closed","ping_status":"closed","sticky":false,"template":"","format":"standard","meta":{"footnotes":""},"categories":[436,257,439],"tags":[],"class_list":["post-149051","post","type-post","status-publish","format-standard","has-post-thumbnail","hentry","category-destaque-da-semana","category-esporte","category-ultima-hora"],"_links":{"self":[{"href":"https:\/\/diarioregionaldigital.com.br\/index.php?rest_route=\/wp\/v2\/posts\/149051","targetHints":{"allow":["GET"]}}],"collection":[{"href":"https:\/\/diarioregionaldigital.com.br\/index.php?rest_route=\/wp\/v2\/posts"}],"about":[{"href":"https:\/\/diarioregionaldigital.com.br\/index.php?rest_route=\/wp\/v2\/types\/post"}],"author":[{"embeddable":true,"href":"https:\/\/diarioregionaldigital.com.br\/index.php?rest_route=\/wp\/v2\/users\/96"}],"replies":[{"embeddable":true,"href":"https:\/\/diarioregionaldigital.com.br\/index.php?rest_route=%2Fwp%2Fv2%2Fcomments&post=149051"}],"version-history":[{"count":0,"href":"https:\/\/diarioregionaldigital.com.br\/index.php?rest_route=\/wp\/v2\/posts\/149051\/revisions"}],"wp:featuredmedia":[{"embeddable":true,"href":"https:\/\/diarioregionaldigital.com.br\/index.php?rest_route=\/wp\/v2\/media\/149056"}],"wp:attachment":[{"href":"https:\/\/diarioregionaldigital.com.br\/index.php?rest_route=%2Fwp%2Fv2%2Fmedia&parent=149051"}],"wp:term":[{"taxonomy":"category","embeddable":true,"href":"https:\/\/diarioregionaldigital.com.br\/index.php?rest_route=%2Fwp%2Fv2%2Fcategories&post=149051"},{"taxonomy":"post_tag","embeddable":true,"href":"https:\/\/diarioregionaldigital.com.br\/index.php?rest_route=%2Fwp%2Fv2%2Ftags&post=149051"}],"curies":[{"name":"wp","href":"https:\/\/api.w.org\/{rel}","templated":true}]}}