{"id":149043,"date":"2019-10-07T18:18:04","date_gmt":"2019-10-07T21:18:04","guid":{"rendered":"https:\/\/diarioregionaldigital.com.br\/?p=149043"},"modified":"2019-10-07T18:18:04","modified_gmt":"2019-10-07T21:18:04","slug":"lei-de-anistia-renegociacao-ja-comecou","status":"publish","type":"post","link":"https:\/\/diarioregionaldigital.com.br\/?p=149043","title":{"rendered":"\u201cLei de Anistia\u201d: renegocia\u00e7\u00e3o j\u00e1 come\u00e7ou"},"content":{"rendered":"<p>Juiz-foranos com d\u00e9bito tribut\u00e1rio ou n\u00e3o tribut\u00e1rio, inscrito na d\u00edvida ativa, poder\u00e3o quitar sua d\u00edvida com os descontos oferecidos pela Lei n\u00b0 13.939, &#8220;Lei de Anistia&#8221;, sancionada pelo prefeito Ant\u00f4nio Almas (PSDB) no \u00faltimo s\u00e1bado, 5. \u00a0A lei prev\u00ea descontos de at\u00e9 100% nos juros e multas de mora.<\/p>\n<p>A renegocia\u00e7\u00e3o come\u00e7ou na segunda-feira, 7, e os interessados em requerer os benef\u00edcios oferecidos podem procurar o posto de atendimento, montado entre o pr\u00e9dio da Funda\u00e7\u00e3o Cultural \u201cAlfredo Ferreira Lage\u201d (Funalfa) e da C\u00e2mara Municipal, no Parque Halfeld. O atendimento funciona de segunda a sexta-feira, das 8 \u00e0s 18 horas.<\/p>\n<p>Entre os descontos previstos, est\u00e3o:<\/p>\n<p>&nbsp;<\/p>\n<ul>\n<li><strong>100% na multa de mora e nos juros de mora<\/strong><\/li>\n<\/ul>\n<p>&nbsp;<\/p>\n<p>&#8211; Em tr\u00eas parcelas, desde que seja requerido at\u00e9 31 de outubro;<\/p>\n<p>&nbsp;<\/p>\n<p>&#8211; em duas parcelas, desde que seja requerido at\u00e9 30 de novembro;<\/p>\n<p>&nbsp;<\/p>\n<p>&#8211; \u00e0 vista, desde que seja requerido at\u00e9 20 de dezembro.<\/p>\n<p>&nbsp;<\/p>\n<ul>\n<li><strong>50% na multa de mora e nos juros de mora<\/strong><\/li>\n<\/ul>\n<p>&nbsp;<\/p>\n<p>&#8211; Em at\u00e9 12 parcelas, desde que seja requerido at\u00e9 31 de outubro;<\/p>\n<p>&nbsp;<\/p>\n<p>&#8211; em at\u00e9 11 parcelas, desde que seja requerido at\u00e9 30 de novembro;<\/p>\n<p>&nbsp;<\/p>\n<p>&#8211; em at\u00e9 dez parcelas, desde que seja requerido at\u00e9 20 de dezembro.<\/p>\n<p>Conforme a norma publicada, al\u00e9m dos descontos, uma novidade que a \u201cLei de Anistia\u201d traz este ano \u00e9 a redu\u00e7\u00e3o de 80% na multa de mora e de 100% nos juros de mora das multas de tr\u00e2nsito. Neste caso, o pagamento dever\u00e1 ser \u00e0 vista, e o contribuinte precisa requerer o benef\u00edcio at\u00e9 20 de dezembro.<\/p>\n<p>Atrav\u00e9s da assessoria, o secret\u00e1rio da Fazenda, F\u00falvio Albertoni, disse que &#8220;o Munic\u00edpio espera que seja arrecadado aproximadamente R$ 37 milh\u00f5es com essa nova campanha&#8221;. O valor \u00e9 equivalente a 7% da d\u00edvida ativa do Munic\u00edpio, que \u00e9 de cerca de R$ 600 milh\u00f5es. O secret\u00e1rio acrescentou que esses recursos dever\u00e3o ser aplicados no pagamento de sal\u00e1rio e do 13\u00ba do funcionalismo p\u00fablico municipal.<\/p>\n","protected":false},"excerpt":{"rendered":"<p>Juiz-foranos com d\u00e9bito tribut\u00e1rio ou n\u00e3o tribut\u00e1rio, inscrito na d\u00edvida ativa, poder\u00e3o quitar sua d\u00edvida com os descontos oferecidos pela Lei n\u00b0 13.939, &#8220;Lei de Anistia&#8221;, sancionada pelo prefeito Ant\u00f4nio Almas (PSDB) no \u00faltimo s\u00e1bado, 5. \u00a0A lei prev\u00ea descontos de at\u00e9 100% nos juros e multas de mora. A renegocia\u00e7\u00e3o come\u00e7ou na segunda-feira, 7, [&hellip;]<\/p>\n","protected":false},"author":96,"featured_media":149041,"comment_status":"closed","ping_status":"closed","sticky":false,"template":"","format":"standard","meta":{"footnotes":""},"categories":[253,436,440,439],"tags":[],"class_list":["post-149043","post","type-post","status-publish","format-standard","has-post-thumbnail","hentry","category-cidade","category-destaque-da-semana","category-destaques-do-dia","category-ultima-hora"],"_links":{"self":[{"href":"https:\/\/diarioregionaldigital.com.br\/index.php?rest_route=\/wp\/v2\/posts\/149043","targetHints":{"allow":["GET"]}}],"collection":[{"href":"https:\/\/diarioregionaldigital.com.br\/index.php?rest_route=\/wp\/v2\/posts"}],"about":[{"href":"https:\/\/diarioregionaldigital.com.br\/index.php?rest_route=\/wp\/v2\/types\/post"}],"author":[{"embeddable":true,"href":"https:\/\/diarioregionaldigital.com.br\/index.php?rest_route=\/wp\/v2\/users\/96"}],"replies":[{"embeddable":true,"href":"https:\/\/diarioregionaldigital.com.br\/index.php?rest_route=%2Fwp%2Fv2%2Fcomments&post=149043"}],"version-history":[{"count":0,"href":"https:\/\/diarioregionaldigital.com.br\/index.php?rest_route=\/wp\/v2\/posts\/149043\/revisions"}],"wp:featuredmedia":[{"embeddable":true,"href":"https:\/\/diarioregionaldigital.com.br\/index.php?rest_route=\/wp\/v2\/media\/149041"}],"wp:attachment":[{"href":"https:\/\/diarioregionaldigital.com.br\/index.php?rest_route=%2Fwp%2Fv2%2Fmedia&parent=149043"}],"wp:term":[{"taxonomy":"category","embeddable":true,"href":"https:\/\/diarioregionaldigital.com.br\/index.php?rest_route=%2Fwp%2Fv2%2Fcategories&post=149043"},{"taxonomy":"post_tag","embeddable":true,"href":"https:\/\/diarioregionaldigital.com.br\/index.php?rest_route=%2Fwp%2Fv2%2Ftags&post=149043"}],"curies":[{"name":"wp","href":"https:\/\/api.w.org\/{rel}","templated":true}]}}