{"id":149039,"date":"2019-10-07T18:16:43","date_gmt":"2019-10-07T21:16:43","guid":{"rendered":"https:\/\/diarioregionaldigital.com.br\/?p=149039"},"modified":"2019-10-07T18:29:53","modified_gmt":"2019-10-07T21:29:53","slug":"dia-mundial-da-alimentacao-tem-programacao-especial-em-juiz-de-fora","status":"publish","type":"post","link":"https:\/\/diarioregionaldigital.com.br\/?p=149039","title":{"rendered":"\u201cDia Mundial da Alimenta\u00e7\u00e3o\u201d tem programa\u00e7\u00e3o especial em Juiz de Fora"},"content":{"rendered":"<p>O \u201cDia Mundial da Alimenta\u00e7\u00e3o\u201d \u00e9 celebrado em 16 de Outubro.A comemora\u00e7\u00e3o desta data teve in\u00edcio em 1981 com o objetivo de conscientizar a popula\u00e7\u00e3o sobre quest\u00f5es relativas \u00e0 nutri\u00e7\u00e3o e \u00e0 alimenta\u00e7\u00e3o mundial, al\u00e9m de tratar da fome no planeta. Atualmente, o \u201cDia Mundial da Alimenta\u00e7\u00e3o\u201d \u00e9 celebrado em mais de 150 pa\u00edses.<\/p>\n<p>Em Juiz de Fora, o Conselho Municipal de Seguran\u00e7a Alimentar e Nutricional de Juiz de Fora (Comsea JF) preparou uma programa\u00e7\u00e3o especial para comemora\u00e7\u00e3o da data. O semin\u00e1rio \u201cTroca de Saberes \u2013 Um ato de Resist\u00eancia\u201d contar\u00e1 com apresenta\u00e7\u00f5es culturais, roda de conversa e palestras com temas variados, incluindo pr\u00e1ticas alimentares, impactos de uso de agrot\u00f3xicos e o cen\u00e1rio da agricultura no munic\u00edpio.<\/p>\n<p>O evento acontecer\u00e1 das 14h30 \u00e0s 18 horas, na Casa dos Conselhos, na Rua Halfeld, 450, 7\u00ba, andar, Centro. Os interessados em participar devem realizar a inscri\u00e7\u00e3o at\u00e9 o pr\u00f3ximo dia 10, quinta-feira.\u00a0 As inscri\u00e7\u00f5es s\u00e3o gratuitas e podem ser feitas atrav\u00e9s do link <a href=\"https:\/\/docs.google.com\/forms\/d\/e\/1FAIpQLSc9mxlaMqAltlni7OF-Ig0BWwW57s35SwrA3FMd-adKQQpSjA\/viewform\">bit.ly\/EVENTO-COMSEAJF<\/a>.<\/p>\n<p>Confira a programa\u00e7\u00e3o do semin\u00e1rio \u201cTroca de Saberes \u2013 Um ato de Resist\u00eancia\u201d:<\/p>\n<p><strong>14h30<\/strong><\/p>\n<ul>\n<li>Abertura \u2013 Mesa de autoridades<\/li>\n<li>Apresenta\u00e7\u00f5es culturais<\/li>\n<\/ul>\n<p><strong>15h15<\/strong><\/p>\n<ul>\n<li>Roda de conversa:<\/li>\n<li>Ser saud\u00e1vel \u2013 Pr\u00e1ticas saud\u00e1veis na alimenta\u00e7\u00e3o<\/li>\n<li>Impactos ecol\u00f3gicos, ambientais e nutricionais no uso de agrot\u00f3xicos<\/li>\n<li>Cen\u00e1rio da agricultura no Munic\u00edpio<\/li>\n<li>Agricultura urbana<\/li>\n<\/ul>\n<p><strong>16h15<\/strong><\/p>\n<ul>\n<li>Participa\u00e7\u00e3o do p\u00fablico para perguntas<\/li>\n<\/ul>\n<p><strong>17h30<\/strong><\/p>\n<ul>\n<li>Caf\u00e9 solid\u00e1rio<\/li>\n<\/ul>\n<p><strong>18 horas<\/strong><\/p>\n<ul>\n<li>Encerramento<\/li>\n<\/ul>\n<p>Tamb\u00e9m relacionado \u00e0 data, a popula\u00e7\u00e3o ter\u00e1 oportunidade de conhecer o trabalho realizado pelo Comsea JF, durante a \u201cFeira da Economia Solid\u00e1ria\u201d, que acontece na ter\u00e7a-feira, 15, das 14 \u00e0s 17 horas, no Parque Halfeld.<\/p>\n","protected":false},"excerpt":{"rendered":"<p>O \u201cDia Mundial da Alimenta\u00e7\u00e3o\u201d \u00e9 celebrado em 16 de Outubro.A comemora\u00e7\u00e3o desta data teve in\u00edcio em 1981 com o objetivo de conscientizar a popula\u00e7\u00e3o sobre quest\u00f5es relativas \u00e0 nutri\u00e7\u00e3o e \u00e0 alimenta\u00e7\u00e3o mundial, al\u00e9m de tratar da fome no planeta. Atualmente, o \u201cDia Mundial da Alimenta\u00e7\u00e3o\u201d \u00e9 celebrado em mais de 150 pa\u00edses. Em [&hellip;]<\/p>\n","protected":false},"author":96,"featured_media":149040,"comment_status":"closed","ping_status":"closed","sticky":false,"template":"","format":"standard","meta":{"footnotes":""},"categories":[253,436,440,439],"tags":[],"class_list":["post-149039","post","type-post","status-publish","format-standard","has-post-thumbnail","hentry","category-cidade","category-destaque-da-semana","category-destaques-do-dia","category-ultima-hora"],"_links":{"self":[{"href":"https:\/\/diarioregionaldigital.com.br\/index.php?rest_route=\/wp\/v2\/posts\/149039","targetHints":{"allow":["GET"]}}],"collection":[{"href":"https:\/\/diarioregionaldigital.com.br\/index.php?rest_route=\/wp\/v2\/posts"}],"about":[{"href":"https:\/\/diarioregionaldigital.com.br\/index.php?rest_route=\/wp\/v2\/types\/post"}],"author":[{"embeddable":true,"href":"https:\/\/diarioregionaldigital.com.br\/index.php?rest_route=\/wp\/v2\/users\/96"}],"replies":[{"embeddable":true,"href":"https:\/\/diarioregionaldigital.com.br\/index.php?rest_route=%2Fwp%2Fv2%2Fcomments&post=149039"}],"version-history":[{"count":0,"href":"https:\/\/diarioregionaldigital.com.br\/index.php?rest_route=\/wp\/v2\/posts\/149039\/revisions"}],"wp:featuredmedia":[{"embeddable":true,"href":"https:\/\/diarioregionaldigital.com.br\/index.php?rest_route=\/wp\/v2\/media\/149040"}],"wp:attachment":[{"href":"https:\/\/diarioregionaldigital.com.br\/index.php?rest_route=%2Fwp%2Fv2%2Fmedia&parent=149039"}],"wp:term":[{"taxonomy":"category","embeddable":true,"href":"https:\/\/diarioregionaldigital.com.br\/index.php?rest_route=%2Fwp%2Fv2%2Fcategories&post=149039"},{"taxonomy":"post_tag","embeddable":true,"href":"https:\/\/diarioregionaldigital.com.br\/index.php?rest_route=%2Fwp%2Fv2%2Ftags&post=149039"}],"curies":[{"name":"wp","href":"https:\/\/api.w.org\/{rel}","templated":true}]}}