{"id":149035,"date":"2019-10-07T18:15:18","date_gmt":"2019-10-07T21:15:18","guid":{"rendered":"https:\/\/diarioregionaldigital.com.br\/?p=149035"},"modified":"2019-10-07T18:15:18","modified_gmt":"2019-10-07T21:15:18","slug":"projeto-de-lei-visa-permitir-desembarque-de-passageiros-de-uber-e-taxi-proximo-ao-meio-fio","status":"publish","type":"post","link":"https:\/\/diarioregionaldigital.com.br\/?p=149035","title":{"rendered":"Projeto de lei visa permitir desembarque de passageiros de uber e t\u00e1xi pr\u00f3ximo ao meio-fio"},"content":{"rendered":"<p>Preocupado com o desembarque de passageiros de t\u00e1xis ou uber nas vias urbanas, o vereador Dr. Fiorilo (PTC) elaborou um projeto de lei que pretende permitir que os motoristas parem pr\u00f3ximo \u00e0 cal\u00e7ada para que os passageiros entrem ou saiam do ve\u00edculo. Atualmente, a atitude \u00e9 pass\u00edvel de multa.<\/p>\n<p>O projeto est\u00e1 tramitando na C\u00e2mara Municipal e, ap\u00f3s aprovado pelas Comiss\u00f5es da Casa, ser\u00e1 colocado em vota\u00e7\u00e3o. Caso aprovado e sancionado pelo Executivo, ficar\u00e1 permitido o embarque e desembarque em t\u00e1xi ou uber, mesmo nos locais onde houver placa proibindo parada e ou estacionamento. A exce\u00e7\u00e3o ser\u00e1 para parada em viadutos, pontes e t\u00faneis, que continuar\u00e3o proibidos.<\/p>\n<p>Fiorilo argumenta que vias centrais da cidade, como a Avenida Rio Branco, possuem muitas placas que pro\u00edbem parar e estacionar, o que dificulta a acessibilidade dos cidad\u00e3os que utilizam t\u00e1xi ou uber para chegar ao trabalho, \u00e0 hospitais, \u00e0 cl\u00ednicas ou, ainda, \u00e0s reparti\u00e7\u00f5es p\u00fablicas como Prefeitura, F\u00f3rum, Pal\u00e1cio da Sa\u00fade. Para o vereador, a proibi\u00e7\u00e3o n\u00e3o condiz com a necessidade atual da popula\u00e7\u00e3o. \u201cA todo instante os prestadores do servi\u00e7o de t\u00e1xi ou uber s\u00e3o penalizados por infra\u00e7\u00e3o de tr\u00e4nsito parando em local proibido apenas para embarque ou desembarque de passageiro, o que foge ao grau m\u00ednimo da razoabilidade, nos dias atuais da vida metropolitana\u201d, afirma.<\/p>\n<p>&nbsp;<\/p>\n<p>&nbsp;<\/p>\n<p>&nbsp;<\/p>\n<p>Fonte: CMJF<\/p>\n","protected":false},"excerpt":{"rendered":"<p>Preocupado com o desembarque de passageiros de t\u00e1xis ou uber nas vias urbanas, o vereador Dr. Fiorilo (PTC) elaborou um projeto de lei que pretende permitir que os motoristas parem pr\u00f3ximo \u00e0 cal\u00e7ada para que os passageiros entrem ou saiam do ve\u00edculo. Atualmente, a atitude \u00e9 pass\u00edvel de multa. O projeto est\u00e1 tramitando na C\u00e2mara [&hellip;]<\/p>\n","protected":false},"author":96,"featured_media":149037,"comment_status":"closed","ping_status":"closed","sticky":false,"template":"","format":"standard","meta":{"footnotes":""},"categories":[253,436,439],"tags":[],"class_list":["post-149035","post","type-post","status-publish","format-standard","has-post-thumbnail","hentry","category-cidade","category-destaque-da-semana","category-ultima-hora"],"_links":{"self":[{"href":"https:\/\/diarioregionaldigital.com.br\/index.php?rest_route=\/wp\/v2\/posts\/149035","targetHints":{"allow":["GET"]}}],"collection":[{"href":"https:\/\/diarioregionaldigital.com.br\/index.php?rest_route=\/wp\/v2\/posts"}],"about":[{"href":"https:\/\/diarioregionaldigital.com.br\/index.php?rest_route=\/wp\/v2\/types\/post"}],"author":[{"embeddable":true,"href":"https:\/\/diarioregionaldigital.com.br\/index.php?rest_route=\/wp\/v2\/users\/96"}],"replies":[{"embeddable":true,"href":"https:\/\/diarioregionaldigital.com.br\/index.php?rest_route=%2Fwp%2Fv2%2Fcomments&post=149035"}],"version-history":[{"count":0,"href":"https:\/\/diarioregionaldigital.com.br\/index.php?rest_route=\/wp\/v2\/posts\/149035\/revisions"}],"wp:featuredmedia":[{"embeddable":true,"href":"https:\/\/diarioregionaldigital.com.br\/index.php?rest_route=\/wp\/v2\/media\/149037"}],"wp:attachment":[{"href":"https:\/\/diarioregionaldigital.com.br\/index.php?rest_route=%2Fwp%2Fv2%2Fmedia&parent=149035"}],"wp:term":[{"taxonomy":"category","embeddable":true,"href":"https:\/\/diarioregionaldigital.com.br\/index.php?rest_route=%2Fwp%2Fv2%2Fcategories&post=149035"},{"taxonomy":"post_tag","embeddable":true,"href":"https:\/\/diarioregionaldigital.com.br\/index.php?rest_route=%2Fwp%2Fv2%2Ftags&post=149035"}],"curies":[{"name":"wp","href":"https:\/\/api.w.org\/{rel}","templated":true}]}}