{"id":149006,"date":"2019-10-07T17:59:46","date_gmt":"2019-10-07T20:59:46","guid":{"rendered":"https:\/\/diarioregionaldigital.com.br\/?p=149006"},"modified":"2019-10-07T17:59:46","modified_gmt":"2019-10-07T20:59:46","slug":"projeto-que-proibe-taxa-de-religacao-de-servicos-publicos-esta-na-pauta-da-ctfc","status":"publish","type":"post","link":"https:\/\/diarioregionaldigital.com.br\/?p=149006","title":{"rendered":"Projeto que pro\u00edbe taxa de religa\u00e7\u00e3o de servi\u00e7os p\u00fablicos est\u00e1 na pauta da CTFC"},"content":{"rendered":"<p>Proposta que pro\u00edbe a cobran\u00e7a de taxa de religa\u00e7\u00e3o de servi\u00e7os p\u00fablicos, como abastecimento de \u00e1gua e energia el\u00e9trica, volta \u00e0 pauta da Comiss\u00e3o de Transpar\u00eancia, Fiscaliza\u00e7\u00e3o e Controle (CTFC), que se re\u00fane nesta ter\u00e7a-feira (8), \u00e0s 11h30. <a href=\"https:\/\/www12.senado.leg.br\/noticias\/materias\/2019\/09\/17\/relator-girao-defende-projeto-que-proibe-taxa-de-religacao-de-servicos-publicos\">O projeto chegou a ser discutido na \u00faltima reuni\u00e3o do colegiado<\/a>, mas, por falta de qu\u00f3rum, a vota\u00e7\u00e3o foi adiada.<\/p>\n<p>Apresentado pelo senador Weverton (PDT-MA), o projeto de lei (<a href=\"http:\/\/www25.senado.leg.br\/web\/atividade\/materias\/-\/materia\/135220\">PL 669\/2019<\/a>) prev\u00ea que, em caso de corte do fornecimento, o restabelecimento do servi\u00e7o deve ser feito em at\u00e9 12 horas a partir da quita\u00e7\u00e3o do d\u00e9bito ou do pedido do consumidor.<\/p>\n<p>No entender do autor, existe uma lacuna na <a href=\"http:\/\/www.planalto.gov.br\/ccivil_03\/leis\/l8987compilada.htm\">Lei 8.987, de 1995<\/a>, quanto ao restabelecimento de servi\u00e7os, e isso permite um comportamento abusivo das concession\u00e1rias \u2014 que, para Weverton, punem excessivamente o consumidor.<\/p>\n<p>\u2014 O consumidor inadimplente \u00e9 penalizado de forma tripla, enquanto a concession\u00e1ria aufere lucros: o servi\u00e7o \u00e9 cortado, cobra-se multa e juros morat\u00f3rios e ainda taxa de religa\u00e7\u00e3o \u2014 analisou.<\/p>\n<p>Relator da mat\u00e9ria na CTFC, o senador Eduardo Gir\u00e3o (Podemos-CE), concordou com a proposta e votou pela aprova\u00e7\u00e3o, com emendas.<\/p>\n<p>Em rela\u00e7\u00e3o a servi\u00e7os p\u00fablicos prestados em regime de concess\u00e3o ou permiss\u00e3o, o parlamentar sugeriu emenda que determina que a lei somente se aplicar\u00e1 a contratos posteriores a sua vig\u00eancia.<\/p>\n<p><strong>Smartphone<\/strong><\/p>\n<p>Outra proposta em pauta \u00e9 a que obriga as embalagens e manuais dos telefones port\u00e1teis tipo smartphone a conter advert\u00eancias sobre os potenciais preju\u00edzos \u00e0 sa\u00fade decorrentes da utiliza\u00e7\u00e3o excessiva dos aparelhos, al\u00e9m de orienta\u00e7\u00f5es sobre a postura correta para sua utiliza\u00e7\u00e3o, de forma a prevenir danos \u00e0 coluna cervical.<\/p>\n<p>O <a href=\"http:\/\/www25.senado.leg.br\/web\/atividade\/materias\/-\/materia\/132300\">PLS 55\/2018<\/a>, do senador Otto Alencar (PSD-BA), determina que embalagens, manuais e guias do usu\u00e1rio tragam impressos: \u201cUse com modera\u00e7\u00e3o. O uso excessivo prejudica a coluna cervical\u201d.<\/p>\n<p>A inclus\u00e3o da advert\u00eancia, segundo o projeto, \u00e9 de obriga\u00e7\u00e3o dos fabricantes nacionais e dos importadores. Ela dever\u00e1 ocupar 10% da face frontal da embalagem.<\/p>\n<p>Para o relator, senador Angelo Coronel (PSD-BA), a proposta pode auxiliar a diminuir os problemas de sa\u00fade causados pelo uso do aparelho, que leva os usu\u00e1rios a se posicionarem de forma curvada, afetando a coluna cervical.<\/p>\n<p>\u201cO projeto se mostra especialmente relevante diante da r\u00e1pida populariza\u00e7\u00e3o dos smartphones no Brasil e dos per\u00edodos prolongados de uso, especialmente entre os mais jovens, o que potencializa os riscos de les\u00f5es\u201d, disse.<\/p>\n<p>&nbsp;<\/p>\n<p>Fonte: Ag\u00eancia Senado<\/p>\n","protected":false},"excerpt":{"rendered":"<p>Proposta que pro\u00edbe a cobran\u00e7a de taxa de religa\u00e7\u00e3o de servi\u00e7os p\u00fablicos, como abastecimento de \u00e1gua e energia el\u00e9trica, volta \u00e0 pauta da Comiss\u00e3o de Transpar\u00eancia, Fiscaliza\u00e7\u00e3o e Controle (CTFC), que se re\u00fane nesta ter\u00e7a-feira (8), \u00e0s 11h30. O projeto chegou a ser discutido na \u00faltima reuni\u00e3o do colegiado, mas, por falta de qu\u00f3rum, a [&hellip;]<\/p>\n","protected":false},"author":96,"featured_media":149030,"comment_status":"closed","ping_status":"closed","sticky":false,"template":"","format":"standard","meta":{"footnotes":""},"categories":[436,254,439],"tags":[],"class_list":["post-149006","post","type-post","status-publish","format-standard","has-post-thumbnail","hentry","category-destaque-da-semana","category-politica","category-ultima-hora"],"_links":{"self":[{"href":"https:\/\/diarioregionaldigital.com.br\/index.php?rest_route=\/wp\/v2\/posts\/149006","targetHints":{"allow":["GET"]}}],"collection":[{"href":"https:\/\/diarioregionaldigital.com.br\/index.php?rest_route=\/wp\/v2\/posts"}],"about":[{"href":"https:\/\/diarioregionaldigital.com.br\/index.php?rest_route=\/wp\/v2\/types\/post"}],"author":[{"embeddable":true,"href":"https:\/\/diarioregionaldigital.com.br\/index.php?rest_route=\/wp\/v2\/users\/96"}],"replies":[{"embeddable":true,"href":"https:\/\/diarioregionaldigital.com.br\/index.php?rest_route=%2Fwp%2Fv2%2Fcomments&post=149006"}],"version-history":[{"count":0,"href":"https:\/\/diarioregionaldigital.com.br\/index.php?rest_route=\/wp\/v2\/posts\/149006\/revisions"}],"wp:featuredmedia":[{"embeddable":true,"href":"https:\/\/diarioregionaldigital.com.br\/index.php?rest_route=\/wp\/v2\/media\/149030"}],"wp:attachment":[{"href":"https:\/\/diarioregionaldigital.com.br\/index.php?rest_route=%2Fwp%2Fv2%2Fmedia&parent=149006"}],"wp:term":[{"taxonomy":"category","embeddable":true,"href":"https:\/\/diarioregionaldigital.com.br\/index.php?rest_route=%2Fwp%2Fv2%2Fcategories&post=149006"},{"taxonomy":"post_tag","embeddable":true,"href":"https:\/\/diarioregionaldigital.com.br\/index.php?rest_route=%2Fwp%2Fv2%2Ftags&post=149006"}],"curies":[{"name":"wp","href":"https:\/\/api.w.org\/{rel}","templated":true}]}}