{"id":148996,"date":"2019-10-07T15:16:05","date_gmt":"2019-10-07T18:16:05","guid":{"rendered":"https:\/\/diarioregionaldigital.com.br\/?p=148996"},"modified":"2019-10-07T15:16:05","modified_gmt":"2019-10-07T18:16:05","slug":"papa-pede-respeito-a-indigenas-em-abertura-de-sinodo-da-amazonia","status":"publish","type":"post","link":"https:\/\/diarioregionaldigital.com.br\/?p=148996","title":{"rendered":"Papa pede respeito a ind\u00edgenas em abertura de S\u00ednodo da Amaz\u00f4nia"},"content":{"rendered":"<p>O papa Francisco afirmou nesta segunda-feira (7) que a sociedade moderna deve respeitar os ind\u00edgenas e evitar as coloniza\u00e7\u00f5es que serviram para dividir e &#8220;aniquilar os povos origin\u00e1rios, demonstrando todo o desprezo por eles\u201d. Ele lembrou a experi\u00eancia argentina, seu pa\u00eds de origem, onde os povos origin\u00e1rios sofreram e sofrem, ainda\u00a0hoje, com atitudes depreciativas. A declara\u00e7\u00e3o foi dada durante a abertura dos trabalhos da Assembleia Especial do S\u00ednodo dos Bispos para a Regi\u00e3o Pan-Amaz\u00f4nica.<\/p>\n<p>&#8220;Viemos para contemplar, compreender, servir os povos e fazemos percorrendo um caminho sinodal, n\u00e3o numa mesa-redonda, em confer\u00eancias ou em discursos, mas em s\u00ednodo. Porque um s\u00ednodo n\u00e3o \u00e9 um parlamento, um locut\u00f3rio, \u00e9 um caminhar juntos sob a inspira\u00e7\u00e3o do Esp\u00edrito Santo\u201d, afirmou o pont\u00edfice.<\/p>\n<p>Ele explicou que o S\u00ednodo para a Amaz\u00f4nia tem quatro dimens\u00f5es: pastoral, cultural, social e ecol\u00f3gica. \u201cA primeira \u00e9 essencial porque abarca tudo e vemos a realidade da Amaz\u00f4nia com olhos dos disc\u00edpulos, mas tamb\u00e9m com olhos mission\u00e1rios.&#8221;<\/p>\n<h2>Portas abertas<\/h2>\n<p>Para o relator-geral do S\u00ednodo para a Amaz\u00f4nia, cardeal Cl\u00e1udio Hummes, presidente da Rede Eclesial Pan-Amaz\u00f4nica (Repam), a Igreja Cat\u00f3lica &#8220;precisa abrir as portas, derrubar muros que a cercam e construir pontes, sair e p\u00f4r-se a caminho na hist\u00f3ria, nos tempos atuais de mudan\u00e7a de \u00e9poca, caminhando sempre pr\u00f3xima de todos, principalmente de quem vive nas periferias da humanidade&#8221;.<\/p>\n<p>Ele discursou\u00a0hoje, na abertura do S\u00ednodo, e ressaltou\u00a0a pr\u00e1tica da miseric\u00f3rdia, da caridade e da solidariedade, &#8220;sobretudo para com os pobres, os sofridos, os esquecidos e descartados do mundo de\u00a0hoje, os migrantes e os ind\u00edgenas&#8221;.<\/p>\n<p>A Repam \u00e9 formada pelos nove pa\u00edses que formam a Pan-Amaz\u00f4nia, uma regi\u00e3o com 7,8 milh\u00f5es de quil\u00f4metros quadrados onde vivem 33 milh\u00f5es de habitantes, incluindo 1,5 milh\u00e3o de ind\u00edgenas de 385 povos.<\/p>\n<p>\u201cDeve-se ter presente tamb\u00e9m que a Igreja mission\u00e1ria da Amaz\u00f4nia se destacou\u00a0atrav\u00e9s de sua hist\u00f3ria \u2013 e ainda\u00a0hoje\u00a0se destaca &#8211; com grandes e fundamentais servi\u00e7os para a popula\u00e7\u00e3o local na \u00e1rea da escolariza\u00e7\u00e3o, da sa\u00fade, do combate \u00e0 pobreza e \u00e0 viola\u00e7\u00e3o dos direitos humanos&#8221;, afirmou Hummes.<\/p>\n<p>A miss\u00e3o da Igreja\u00a0hoje\u00a0na Amaz\u00f4nia \u00e9 o n\u00facleo central do s\u00ednodo. \u201c\u00c9 um s\u00ednodo da Igreja e para a Igreja. (&#8230;) aberta ao di\u00e1logo, sobretudo ao di\u00e1logo inter-religioso e intercultural, acolhedora e desejosa de compartilhar um caminho sinodal com as outras igrejas, religi\u00f5es, ci\u00eancia, governos, institui\u00e7\u00f5es, povos, comunidades e pessoas, respeitando as nossas diferen\u00e7as, no intuito de defender e promover a vida das popula\u00e7\u00f5es da \u00e1rea, especialmente dos povos origin\u00e1rios e a biodiversidade do territ\u00f3rio na regi\u00e3o amaz\u00f4nica&#8221;.<\/p>\n<p>Hummes afirmou ainda que, segundo o processo de escuta sinodal da popula\u00e7\u00e3o, &#8220;na Amaz\u00f4nia a amea\u00e7a \u00e0 vida deriva de interesses econ\u00f4micos e pol\u00edticos dos setores dominantes da sociedade atual, de maneira especial de empresas que extraem de modo predat\u00f3rio e irrespons\u00e1vel [legal ou ilegalmente] as riquezas do subsolo e da biodiversidade, muitas vezes em coniv\u00eancia ou com permissividade dos governos locais e nacionais e por vezes at\u00e9 com o consenso de alguma autoridade ind\u00edgena&#8221;.<\/p>\n<p>O cardeal falou tamb\u00e9m sobre o cuidado e a defesa dos povos amaz\u00f4nicos: ind\u00edgenas, caboclos, ribeirinhos, quilombolas, pobres de todo tipo, pequenos agricultores, pescadores, seringueiros, quebradeiras de coco e outros, conforme a regi\u00e3o. \u201cEsta miss\u00e3o n\u00e3o ser\u00e1 certamente um peso, mas uma alegria que s\u00f3 o Evangelho oferece&#8221;.<\/p>\n<h2>Abertura<\/h2>\n<p>Uma ora\u00e7\u00e3o diante do t\u00famulo de Pedro, na Bas\u00edlica San Pietro, no Vaticano, marcou o in\u00edcio dos trabalhos da Assembleia Especial do S\u00ednodo dos Bispos para a Regi\u00e3o Pan-Amaz\u00f4nica. O encontro dos bispos cat\u00f3licos na sede da Igreja, no Vaticano, segue at\u00e9 o dia\u00a027 de outubro\u00a0e tem como tema\u00a0\u201cAmaz\u00f4nia: Novos caminhos para a Igreja e para uma ecologia integral\u201d.<\/p>\n<p>O encontro re\u00fane bispos provenientes n\u00e3o s\u00f3 da regi\u00e3o amaz\u00f4nica, que abarca Brasil,\u00a0Col\u00f4mbia, Peru, Venezuela, Equador, Bol\u00edvia, as Guianas e o Suriname,\u00a0mas tamb\u00e9m de outras regi\u00f5es. Entre\u00a0os 185 sacerdotes sinodais que participam do evento, 58 s\u00e3o brasileiros. Participam tamb\u00e9m representantes de comunidades ind\u00edgenas.<\/p>\n<p>A ora\u00e7\u00e3o inicial, na Bas\u00edlica, foi intercalada com um canto da regi\u00e3o amaz\u00f4nica, seguido pelo\u00a0<em>Veni Creator<\/em>, um hino da Igreja Cat\u00f3lica que invoca o Esp\u00edrito Santo. Em seguida, os participantes seguiram em prociss\u00e3o at\u00e9 a sala sinodal levando cartazes com imagens de m\u00e1rtires e s\u00edmbolos da regi\u00e3o amaz\u00f4nica, como o barco, a rede e outros objetos ind\u00edgenas.<\/p>\n<p>O s\u00ednodo \u00e9 composto por uma extensa programa\u00e7\u00e3o,\u00a0organizada paralelamente\u00a0em diversas l\u00ednguas, que inclui celebra\u00e7\u00f5es, reuni\u00f5es online, pain\u00e9is de especialistas, mostras fotogr\u00e1ficas, apresenta\u00e7\u00e3o de document\u00e1rios\u00a0e\u00a0mesas-redondas.\u00a0Os diferentes eventos, com datas e locais, podem ser\u00a0<a href=\"http:\/\/%20https\/\/is.gd\/pWixel\" target=\"_blank\" rel=\"noopener\">conferidos na internet<\/a>.<\/p>\n<p>Fonte: Ag\u00eancia Brasil<\/p>\n","protected":false},"excerpt":{"rendered":"<p>O papa Francisco afirmou nesta segunda-feira (7) que a sociedade moderna deve respeitar os ind\u00edgenas e evitar as coloniza\u00e7\u00f5es que serviram para dividir e &#8220;aniquilar os povos origin\u00e1rios, demonstrando todo o desprezo por eles\u201d. Ele lembrou a experi\u00eancia argentina, seu pa\u00eds de origem, onde os povos origin\u00e1rios sofreram e sofrem, ainda\u00a0hoje, com atitudes depreciativas. A [&hellip;]<\/p>\n","protected":false},"author":96,"featured_media":148997,"comment_status":"closed","ping_status":"closed","sticky":false,"template":"","format":"standard","meta":{"footnotes":""},"categories":[302,436,439],"tags":[],"class_list":["post-148996","post","type-post","status-publish","format-standard","has-post-thumbnail","hentry","category-brasil-mundo","category-destaque-da-semana","category-ultima-hora"],"_links":{"self":[{"href":"https:\/\/diarioregionaldigital.com.br\/index.php?rest_route=\/wp\/v2\/posts\/148996","targetHints":{"allow":["GET"]}}],"collection":[{"href":"https:\/\/diarioregionaldigital.com.br\/index.php?rest_route=\/wp\/v2\/posts"}],"about":[{"href":"https:\/\/diarioregionaldigital.com.br\/index.php?rest_route=\/wp\/v2\/types\/post"}],"author":[{"embeddable":true,"href":"https:\/\/diarioregionaldigital.com.br\/index.php?rest_route=\/wp\/v2\/users\/96"}],"replies":[{"embeddable":true,"href":"https:\/\/diarioregionaldigital.com.br\/index.php?rest_route=%2Fwp%2Fv2%2Fcomments&post=148996"}],"version-history":[{"count":0,"href":"https:\/\/diarioregionaldigital.com.br\/index.php?rest_route=\/wp\/v2\/posts\/148996\/revisions"}],"wp:featuredmedia":[{"embeddable":true,"href":"https:\/\/diarioregionaldigital.com.br\/index.php?rest_route=\/wp\/v2\/media\/148997"}],"wp:attachment":[{"href":"https:\/\/diarioregionaldigital.com.br\/index.php?rest_route=%2Fwp%2Fv2%2Fmedia&parent=148996"}],"wp:term":[{"taxonomy":"category","embeddable":true,"href":"https:\/\/diarioregionaldigital.com.br\/index.php?rest_route=%2Fwp%2Fv2%2Fcategories&post=148996"},{"taxonomy":"post_tag","embeddable":true,"href":"https:\/\/diarioregionaldigital.com.br\/index.php?rest_route=%2Fwp%2Fv2%2Ftags&post=148996"}],"curies":[{"name":"wp","href":"https:\/\/api.w.org\/{rel}","templated":true}]}}