{"id":148994,"date":"2019-10-07T15:06:02","date_gmt":"2019-10-07T18:06:02","guid":{"rendered":"https:\/\/diarioregionaldigital.com.br\/?p=148994"},"modified":"2019-10-07T15:06:02","modified_gmt":"2019-10-07T18:06:02","slug":"bolsonaro-diz-que-nao-pretende-acabar-com-estabilidade-de-servidor","status":"publish","type":"post","link":"https:\/\/diarioregionaldigital.com.br\/?p=148994","title":{"rendered":"Bolsonaro diz que n\u00e3o pretende acabar com estabilidade de servidor"},"content":{"rendered":"<p>O presidente Jair Bolsonaro disse\u00a0hoje\u00a0que \u201cnunca falou\u201d em dar fim \u00e0 estabilidade do servidor p\u00fablico, durante as discuss\u00f5es do governo sobre a reforma administrativa ainda em elabora\u00e7\u00e3o. A afirma\u00e7\u00e3o, feita\u00a0hoje\u00a0(6) na sa\u00edda do Pal\u00e1cio do Alvorada, foi em resposta a uma mat\u00e9ria publicada pelo jornal\u00a0<em>Correio Braziliense.\u00a0<\/em>De acordo com o jornal,\u00a0a proposta de reforma administrativa a ser enviada ao Congresso Nacional previa tal medida.<\/p>\n<p>Bolsonaro criticou tamb\u00e9m uma outra reportagem &#8211; da\u00a0<em>Folha de S. Paulo<\/em>\u00a0&#8211; envolvendo o presidente em um suposto caso de Caixa 2 durante as campanhas eleitorais. O presidente classificou as reportagens como \u201ccovardia e patifaria\u201d. Ao deixar o Alvorada, Bolsonaro conversou com alguns simpatizantes.<\/p>\n<p>\u201cDe novo,\u00a0hoje, capa do\u00a0<em>Correio Braziliense<\/em>\u00a0dizendo que vou acabar com a estabilidade do servidor. N\u00e3o d\u00e1 para continuar com tanta patifaria por parte de voc\u00eas. Isso \u00e9 covardia e patifaria. Nunca falei nesse assunto. Querem jogar o servidor contra mim. Como\u00a0ontem\u00a0a Folha der S.Paulo queria me ligar ao problema em Minas Gerais. Um esgoto a\u00a0<em>Folha de S.Paulo<\/em>\u201d, disse o presidente a jornalistas.<\/p>\n<p>\u201cLamento a imprensa brasileira agir dessa maneira. O tempo todo mentindo, distorcendo e me difamando. Voc\u00eas querem me derrubar? Eu tenho o couro duro. Vai ser dif\u00edcil\u201d, acrescentou.<\/p>\n<p>Fonte: Ag\u00eancia Brasil<\/p>\n","protected":false},"excerpt":{"rendered":"<p>O presidente Jair Bolsonaro disse\u00a0hoje\u00a0que \u201cnunca falou\u201d em dar fim \u00e0 estabilidade do servidor p\u00fablico, durante as discuss\u00f5es do governo sobre a reforma administrativa ainda em elabora\u00e7\u00e3o. A afirma\u00e7\u00e3o, feita\u00a0hoje\u00a0(6) na sa\u00edda do Pal\u00e1cio do Alvorada, foi em resposta a uma mat\u00e9ria publicada pelo jornal\u00a0Correio Braziliense.\u00a0De acordo com o jornal,\u00a0a proposta de reforma administrativa a [&hellip;]<\/p>\n","protected":false},"author":96,"featured_media":147269,"comment_status":"closed","ping_status":"closed","sticky":false,"template":"","format":"standard","meta":{"footnotes":""},"categories":[436,254,439],"tags":[],"class_list":["post-148994","post","type-post","status-publish","format-standard","has-post-thumbnail","hentry","category-destaque-da-semana","category-politica","category-ultima-hora"],"_links":{"self":[{"href":"https:\/\/diarioregionaldigital.com.br\/index.php?rest_route=\/wp\/v2\/posts\/148994","targetHints":{"allow":["GET"]}}],"collection":[{"href":"https:\/\/diarioregionaldigital.com.br\/index.php?rest_route=\/wp\/v2\/posts"}],"about":[{"href":"https:\/\/diarioregionaldigital.com.br\/index.php?rest_route=\/wp\/v2\/types\/post"}],"author":[{"embeddable":true,"href":"https:\/\/diarioregionaldigital.com.br\/index.php?rest_route=\/wp\/v2\/users\/96"}],"replies":[{"embeddable":true,"href":"https:\/\/diarioregionaldigital.com.br\/index.php?rest_route=%2Fwp%2Fv2%2Fcomments&post=148994"}],"version-history":[{"count":0,"href":"https:\/\/diarioregionaldigital.com.br\/index.php?rest_route=\/wp\/v2\/posts\/148994\/revisions"}],"wp:featuredmedia":[{"embeddable":true,"href":"https:\/\/diarioregionaldigital.com.br\/index.php?rest_route=\/wp\/v2\/media\/147269"}],"wp:attachment":[{"href":"https:\/\/diarioregionaldigital.com.br\/index.php?rest_route=%2Fwp%2Fv2%2Fmedia&parent=148994"}],"wp:term":[{"taxonomy":"category","embeddable":true,"href":"https:\/\/diarioregionaldigital.com.br\/index.php?rest_route=%2Fwp%2Fv2%2Fcategories&post=148994"},{"taxonomy":"post_tag","embeddable":true,"href":"https:\/\/diarioregionaldigital.com.br\/index.php?rest_route=%2Fwp%2Fv2%2Ftags&post=148994"}],"curies":[{"name":"wp","href":"https:\/\/api.w.org\/{rel}","templated":true}]}}