{"id":148970,"date":"2019-10-04T06:00:37","date_gmt":"2019-10-04T09:00:37","guid":{"rendered":"https:\/\/diarioregionaldigital.com.br\/?p=148970"},"modified":"2019-10-03T19:43:14","modified_gmt":"2019-10-03T22:43:14","slug":"prefeitura-municipal-de-santana-do-deserto-licitacao-no-124-04-10-19","status":"publish","type":"post","link":"https:\/\/diarioregionaldigital.com.br\/?p=148970","title":{"rendered":"Prefeitura Municipal de Santana do Deserto &#8211; Licita\u00e7\u00e3o n\u00ba 124 &#8211; 04\/10\/19"},"content":{"rendered":"<p style=\"text-align: center;\"><strong>Prefeitura Municipal de Santana do Deserto<\/strong><\/p>\n<p style=\"text-align: center;\">Licita\u00e7\u00e3o n\u00b0 124\/2019 &#8211; PP n\u00b0 025\/2019 PARA REGISTRO DE PRE\u00c7OS &#8211; O Munic\u00edpio de Santana do Deserto, na forma da lei, faz saber que \u00e0s 09h00min do dia 16 de outubro de 2019, na Prefeitura, na sala de licita\u00e7\u00e3o, localizada \u00e0 P\u00e7a. Mauro Roquete Pinto, Santana do Deserto, ser\u00e1 realizada licita\u00e7\u00e3o para futura e eventual aquisi\u00e7\u00e3o do medicamento SAIZEN 20MG. Tipo Menor Pre\u00e7o Por Item conforme consta no edital que se encontra a disposi\u00e7\u00e3o de todos na Prefeitura, ou em:\u00a0<a href=\"mailto:licitacao@santanadodeserto.mg.gov.br\">licitacao@santanadodeserto.mg.gov.br<\/a><\/p>\n","protected":false},"excerpt":{"rendered":"<p>Prefeitura Municipal de Santana do Deserto Licita\u00e7\u00e3o n\u00b0 124\/2019 &#8211; PP n\u00b0 025\/2019 PARA REGISTRO DE PRE\u00c7OS &#8211; O Munic\u00edpio de Santana do Deserto, na forma da lei, faz saber que \u00e0s 09h00min do dia 16 de outubro de 2019, na Prefeitura, na sala de licita\u00e7\u00e3o, localizada \u00e0 P\u00e7a. Mauro Roquete Pinto, Santana do Deserto, [&hellip;]<\/p>\n","protected":false},"author":96,"featured_media":0,"comment_status":"closed","ping_status":"closed","sticky":false,"template":"","format":"standard","meta":{"footnotes":""},"categories":[307],"tags":[],"class_list":["post-148970","post","type-post","status-publish","format-standard","hentry","category-editais"],"_links":{"self":[{"href":"https:\/\/diarioregionaldigital.com.br\/index.php?rest_route=\/wp\/v2\/posts\/148970","targetHints":{"allow":["GET"]}}],"collection":[{"href":"https:\/\/diarioregionaldigital.com.br\/index.php?rest_route=\/wp\/v2\/posts"}],"about":[{"href":"https:\/\/diarioregionaldigital.com.br\/index.php?rest_route=\/wp\/v2\/types\/post"}],"author":[{"embeddable":true,"href":"https:\/\/diarioregionaldigital.com.br\/index.php?rest_route=\/wp\/v2\/users\/96"}],"replies":[{"embeddable":true,"href":"https:\/\/diarioregionaldigital.com.br\/index.php?rest_route=%2Fwp%2Fv2%2Fcomments&post=148970"}],"version-history":[{"count":0,"href":"https:\/\/diarioregionaldigital.com.br\/index.php?rest_route=\/wp\/v2\/posts\/148970\/revisions"}],"wp:attachment":[{"href":"https:\/\/diarioregionaldigital.com.br\/index.php?rest_route=%2Fwp%2Fv2%2Fmedia&parent=148970"}],"wp:term":[{"taxonomy":"category","embeddable":true,"href":"https:\/\/diarioregionaldigital.com.br\/index.php?rest_route=%2Fwp%2Fv2%2Fcategories&post=148970"},{"taxonomy":"post_tag","embeddable":true,"href":"https:\/\/diarioregionaldigital.com.br\/index.php?rest_route=%2Fwp%2Fv2%2Ftags&post=148970"}],"curies":[{"name":"wp","href":"https:\/\/api.w.org\/{rel}","templated":true}]}}