{"id":148962,"date":"2019-10-04T06:00:50","date_gmt":"2019-10-04T09:00:50","guid":{"rendered":"https:\/\/diarioregionaldigital.com.br\/?p=148962"},"modified":"2019-10-03T19:39:49","modified_gmt":"2019-10-03T22:39:49","slug":"148962","status":"publish","type":"post","link":"https:\/\/diarioregionaldigital.com.br\/?p=148962","title":{"rendered":"Sucesso"},"content":{"rendered":"<p style=\"text-align: center;\"><strong>Caf\u00e9 Estrat\u00e9gico<\/strong><\/p>\n<p style=\"text-align: center;\">Com o objetivo de apresentar ferramenta criada pelo grupo Sircom, ser\u00e1 realizado no dia 8 de outubro, \u00e0s 9h, o Caf\u00e9 Estrat\u00e9gico reunindo em ritmo de NetWorking, empres\u00e1rios, empreendedores, coach e especialistas, gestores e consultores. Ser\u00e1 no Espa\u00e7o Interativo Coworking, na rua Oscar Vidal, 416. O evento \u00e9 gratuito e a inscri\u00e7\u00e3o pelo http:\/\/bit.by\/2kme3xy. Mais informa\u00e7\u00f5es: (32) 2102-9500.<\/p>\n<p style=\"text-align: center;\"><strong>Cultura<\/strong><\/p>\n<p style=\"text-align: center;\">O Constantino Hotel recebe no s\u00e1bado, 5, \u00e0s 19h, escritores e poetas para o lan\u00e7amento da antologia \u201cJuiz de Fora ao Luar\u201d. Os participantes s\u00e3o renomados nomes que tra\u00e7am a hist\u00f3ria da Princesa de Minas.<\/p>\n<p style=\"text-align: center;\"><strong>Evento<\/strong><\/p>\n<p style=\"text-align: center;\">Conectado em o momento atual Rodrigo Fonseca agendou para 8 de outubro, o 2\u00ba Fisco Expert Relaciona. Em cena, os novos valores que v\u00eam permeando o meio empresarial, responsabilidade s\u00f3cio-ambiental, compliance e governan\u00e7a corporativa, al\u00e9m dos impactos positivos que essas novas pol\u00edticas trazem aos neg\u00f3cios.<\/p>\n<p style=\"text-align: center;\"><strong>Raridades<\/strong><\/p>\n<p style=\"text-align: center;\">No Rio de Janeiro, a Letra Viva leiloou na semana que passou em seu site, oito edi\u00e7\u00f5es da luxuosa \u201cRevista dos Grandes Hot\u00e9is\u201d que circulou nos anos de 1920. Dois n\u00fameros da revista t\u00eam sete poemas de Carlos Drumond de Andrade, que nunca foram publicados em livros. Um primor.<\/p>\n<p style=\"text-align: center;\"><span style=\"font-size: 14pt;\"><strong>Sucesso<\/strong><\/span><\/p>\n<p style=\"text-align: center;\">Localizada na orla ao lado do Theatro Central, o Bar e Restaurante Big OWVL \u00e9 um sucesso s\u00f3. Pilotado pelo empres\u00e1rio americano Charles Norman, completa uma ano de atividades, com um p\u00fablico fiel, gastronomia e bebidas 5 estrelas.<\/p>\n<div id=\"attachment_148923\" style=\"width: 690px\" class=\"wp-caption aligncenter\"><img loading=\"lazy\" decoding=\"async\" aria-describedby=\"caption-attachment-148923\" class=\"wp-image-148923\" src=\"https:\/\/diarioregionaldigital.com.br\/wp-content\/uploads\/2019\/10\/fotocc-2-e1570141933648.jpg\" alt=\"\" width=\"680\" height=\"566\" srcset=\"https:\/\/diarioregionaldigital.com.br\/wp-content\/uploads\/2019\/10\/fotocc-2-e1570141933648.jpg 404w, https:\/\/diarioregionaldigital.com.br\/wp-content\/uploads\/2019\/10\/fotocc-2-e1570141933648-300x250.jpg 300w, https:\/\/diarioregionaldigital.com.br\/wp-content\/uploads\/2019\/10\/fotocc-2-e1570141933648-360x299.jpg 360w\" sizes=\"auto, (max-width: 680px) 100vw, 680px\" \/><p id=\"caption-attachment-148923\" class=\"wp-caption-text\">O modelo e cantor Wesley Ferry, absoluto como MR. Minas Gerais Gay 2019<\/p><\/div>\n<div id=\"attachment_148922\" style=\"width: 690px\" class=\"wp-caption aligncenter\"><img loading=\"lazy\" decoding=\"async\" aria-describedby=\"caption-attachment-148922\" class=\"wp-image-148922\" src=\"https:\/\/diarioregionaldigital.com.br\/wp-content\/uploads\/2019\/10\/fotoc-2-e1570141894483.jpg\" alt=\"\" width=\"680\" height=\"483\" srcset=\"https:\/\/diarioregionaldigital.com.br\/wp-content\/uploads\/2019\/10\/fotoc-2-e1570141894483.jpg 1173w, https:\/\/diarioregionaldigital.com.br\/wp-content\/uploads\/2019\/10\/fotoc-2-e1570141894483-300x213.jpg 300w, https:\/\/diarioregionaldigital.com.br\/wp-content\/uploads\/2019\/10\/fotoc-2-e1570141894483-768x546.jpg 768w, https:\/\/diarioregionaldigital.com.br\/wp-content\/uploads\/2019\/10\/fotoc-2-e1570141894483-1024x728.jpg 1024w, https:\/\/diarioregionaldigital.com.br\/wp-content\/uploads\/2019\/10\/fotoc-2-e1570141894483-360x256.jpg 360w, https:\/\/diarioregionaldigital.com.br\/wp-content\/uploads\/2019\/10\/fotoc-2-e1570141894483-100x70.jpg 100w\" sizes=\"auto, (max-width: 680px) 100vw, 680px\" \/><p id=\"caption-attachment-148922\" class=\"wp-caption-text\">Poderosa em temporada na Gr\u00e9cia, a elegante Odont\u00f3loga M\u00f4nica Gomide Guimar\u00e3es<\/p><\/div>\n<p><img loading=\"lazy\" decoding=\"async\" class=\"aligncenter wp-image-148917\" src=\"https:\/\/diarioregionaldigital.com.br\/wp-content\/uploads\/2019\/10\/foto.jpg\" alt=\"\" width=\"680\" height=\"454\" srcset=\"https:\/\/diarioregionaldigital.com.br\/wp-content\/uploads\/2019\/10\/foto.jpg 960w, https:\/\/diarioregionaldigital.com.br\/wp-content\/uploads\/2019\/10\/foto-300x200.jpg 300w, https:\/\/diarioregionaldigital.com.br\/wp-content\/uploads\/2019\/10\/foto-768x513.jpg 768w, https:\/\/diarioregionaldigital.com.br\/wp-content\/uploads\/2019\/10\/foto-360x240.jpg 360w\" sizes=\"auto, (max-width: 680px) 100vw, 680px\" \/><\/p>\n<div id=\"attachment_148919\" style=\"width: 690px\" class=\"wp-caption aligncenter\"><img loading=\"lazy\" decoding=\"async\" aria-describedby=\"caption-attachment-148919\" class=\"wp-image-148919\" src=\"https:\/\/diarioregionaldigital.com.br\/wp-content\/uploads\/2019\/10\/fotoaa-2-e1570141820131.jpg\" alt=\"\" width=\"680\" height=\"544\" srcset=\"https:\/\/diarioregionaldigital.com.br\/wp-content\/uploads\/2019\/10\/fotoaa-2-e1570141820131.jpg 361w, https:\/\/diarioregionaldigital.com.br\/wp-content\/uploads\/2019\/10\/fotoaa-2-e1570141820131-300x240.jpg 300w, https:\/\/diarioregionaldigital.com.br\/wp-content\/uploads\/2019\/10\/fotoaa-2-e1570141820131-360x289.jpg 360w\" sizes=\"auto, (max-width: 680px) 100vw, 680px\" \/><p id=\"caption-attachment-148919\" class=\"wp-caption-text\">O bonito casal Thalita e Guilherme Belmiro, no bloco S\u00f3 Love, no Trade Hotel<\/p><\/div>\n<div id=\"attachment_148921\" style=\"width: 690px\" class=\"wp-caption aligncenter\"><img loading=\"lazy\" decoding=\"async\" aria-describedby=\"caption-attachment-148921\" class=\"wp-image-148921\" src=\"https:\/\/diarioregionaldigital.com.br\/wp-content\/uploads\/2019\/10\/fotobb-2-e1570141866973.jpg\" alt=\"\" width=\"680\" height=\"506\" srcset=\"https:\/\/diarioregionaldigital.com.br\/wp-content\/uploads\/2019\/10\/fotobb-2-e1570141866973.jpg 768w, https:\/\/diarioregionaldigital.com.br\/wp-content\/uploads\/2019\/10\/fotobb-2-e1570141866973-300x223.jpg 300w, https:\/\/diarioregionaldigital.com.br\/wp-content\/uploads\/2019\/10\/fotobb-2-e1570141866973-360x268.jpg 360w\" sizes=\"auto, (max-width: 680px) 100vw, 680px\" \/><p id=\"caption-attachment-148921\" class=\"wp-caption-text\">O rep\u00f3rter Vagner Tolendato (TV Integra\u00e7\u00e3o) recebendo na C\u00e2mara Mo\u00e7\u00e3o de Aplauso do vereador Jos\u00e9 Fiorilo<\/p><\/div>\n<div id=\"attachment_148925\" style=\"width: 690px\" class=\"wp-caption aligncenter\"><img loading=\"lazy\" decoding=\"async\" aria-describedby=\"caption-attachment-148925\" class=\"wp-image-148925\" src=\"https:\/\/diarioregionaldigital.com.br\/wp-content\/uploads\/2019\/10\/fotodd-e1570141966348.jpg\" alt=\"\" width=\"680\" height=\"506\" srcset=\"https:\/\/diarioregionaldigital.com.br\/wp-content\/uploads\/2019\/10\/fotodd-e1570141966348.jpg 834w, https:\/\/diarioregionaldigital.com.br\/wp-content\/uploads\/2019\/10\/fotodd-e1570141966348-300x223.jpg 300w, https:\/\/diarioregionaldigital.com.br\/wp-content\/uploads\/2019\/10\/fotodd-e1570141966348-768x572.jpg 768w, https:\/\/diarioregionaldigital.com.br\/wp-content\/uploads\/2019\/10\/fotodd-e1570141966348-360x268.jpg 360w\" sizes=\"auto, (max-width: 680px) 100vw, 680px\" \/><p id=\"caption-attachment-148925\" class=\"wp-caption-text\">O mago dos drinks, Henrique Passos Miguel<\/p><\/div>\n<div id=\"attachment_148927\" style=\"width: 690px\" class=\"wp-caption aligncenter\"><img loading=\"lazy\" decoding=\"async\" aria-describedby=\"caption-attachment-148927\" class=\"wp-image-148927\" src=\"https:\/\/diarioregionaldigital.com.br\/wp-content\/uploads\/2019\/10\/fotof-1-e1570142032615.jpg\" alt=\"\" width=\"680\" height=\"464\" srcset=\"https:\/\/diarioregionaldigital.com.br\/wp-content\/uploads\/2019\/10\/fotof-1-e1570142032615.jpg 1176w, https:\/\/diarioregionaldigital.com.br\/wp-content\/uploads\/2019\/10\/fotof-1-e1570142032615-300x205.jpg 300w, https:\/\/diarioregionaldigital.com.br\/wp-content\/uploads\/2019\/10\/fotof-1-e1570142032615-768x524.jpg 768w, https:\/\/diarioregionaldigital.com.br\/wp-content\/uploads\/2019\/10\/fotof-1-e1570142032615-1024x699.jpg 1024w, https:\/\/diarioregionaldigital.com.br\/wp-content\/uploads\/2019\/10\/fotof-1-e1570142032615-360x246.jpg 360w\" sizes=\"auto, (max-width: 680px) 100vw, 680px\" \/><p id=\"caption-attachment-148927\" class=\"wp-caption-text\">Na nova MultSa\u00fade na Galeria Z\u00e9 Kodak, 2\u00ba piso, as gloriosas Roseli Arantes e Marcelle Oliveira<\/p><\/div>\n<div id=\"attachment_148928\" style=\"width: 690px\" class=\"wp-caption aligncenter\"><img loading=\"lazy\" decoding=\"async\" aria-describedby=\"caption-attachment-148928\" class=\"wp-image-148928\" src=\"https:\/\/diarioregionaldigital.com.br\/wp-content\/uploads\/2019\/10\/fotog-2.jpg\" alt=\"\" width=\"680\" height=\"472\" srcset=\"https:\/\/diarioregionaldigital.com.br\/wp-content\/uploads\/2019\/10\/fotog-2.jpg 1176w, https:\/\/diarioregionaldigital.com.br\/wp-content\/uploads\/2019\/10\/fotog-2-300x208.jpg 300w, https:\/\/diarioregionaldigital.com.br\/wp-content\/uploads\/2019\/10\/fotog-2-768x533.jpg 768w, https:\/\/diarioregionaldigital.com.br\/wp-content\/uploads\/2019\/10\/fotog-2-1024x711.jpg 1024w, https:\/\/diarioregionaldigital.com.br\/wp-content\/uploads\/2019\/10\/fotog-2-360x250.jpg 360w, https:\/\/diarioregionaldigital.com.br\/wp-content\/uploads\/2019\/10\/fotog-2-100x70.jpg 100w\" sizes=\"auto, (max-width: 680px) 100vw, 680px\" \/><p id=\"caption-attachment-148928\" class=\"wp-caption-text\">Na Costelaria do Z\u00e9, do Trade Hotel, Rose Oliveira, Gustavo Almeida e Helenise Machado<\/p><\/div>\n<div id=\"attachment_148929\" style=\"width: 690px\" class=\"wp-caption aligncenter\"><img loading=\"lazy\" decoding=\"async\" aria-describedby=\"caption-attachment-148929\" class=\"wp-image-148929\" src=\"https:\/\/diarioregionaldigital.com.br\/wp-content\/uploads\/2019\/10\/fotoh-2-e1570142068409.jpg\" alt=\"\" width=\"680\" height=\"512\" srcset=\"https:\/\/diarioregionaldigital.com.br\/wp-content\/uploads\/2019\/10\/fotoh-2-e1570142068409.jpg 1182w, https:\/\/diarioregionaldigital.com.br\/wp-content\/uploads\/2019\/10\/fotoh-2-e1570142068409-300x226.jpg 300w, https:\/\/diarioregionaldigital.com.br\/wp-content\/uploads\/2019\/10\/fotoh-2-e1570142068409-768x578.jpg 768w, https:\/\/diarioregionaldigital.com.br\/wp-content\/uploads\/2019\/10\/fotoh-2-e1570142068409-1024x771.jpg 1024w, https:\/\/diarioregionaldigital.com.br\/wp-content\/uploads\/2019\/10\/fotoh-2-e1570142068409-360x271.jpg 360w\" sizes=\"auto, (max-width: 680px) 100vw, 680px\" \/><p id=\"caption-attachment-148929\" class=\"wp-caption-text\">O cantor do momento em JF, Bruno Falc\u00e3o<\/p><\/div>\n<div id=\"attachment_148924\" style=\"width: 690px\" class=\"wp-caption aligncenter\"><img loading=\"lazy\" decoding=\"async\" aria-describedby=\"caption-attachment-148924\" class=\"wp-image-148924\" src=\"https:\/\/diarioregionaldigital.com.br\/wp-content\/uploads\/2019\/10\/fotod-1.jpg\" alt=\"\" width=\"680\" height=\"456\" srcset=\"https:\/\/diarioregionaldigital.com.br\/wp-content\/uploads\/2019\/10\/fotod-1.jpg 1764w, https:\/\/diarioregionaldigital.com.br\/wp-content\/uploads\/2019\/10\/fotod-1-300x201.jpg 300w, https:\/\/diarioregionaldigital.com.br\/wp-content\/uploads\/2019\/10\/fotod-1-768x515.jpg 768w, https:\/\/diarioregionaldigital.com.br\/wp-content\/uploads\/2019\/10\/fotod-1-1024x686.jpg 1024w, https:\/\/diarioregionaldigital.com.br\/wp-content\/uploads\/2019\/10\/fotod-1-360x241.jpg 360w\" sizes=\"auto, (max-width: 680px) 100vw, 680px\" \/><p id=\"caption-attachment-148924\" class=\"wp-caption-text\">Na Arteria os comandantes da cultura, Luan de Carvalho, Oliver de Carvalho, Carolina Sim\u00f5es, Wesley Silva e Tales de Carvalho<\/p><\/div>\n<p style=\"text-align: center;\"><strong>FOTOSS\u00cdNTESE<\/strong><\/p>\n<p>Not\u00edcia boa chega para esta coluna informando que Juiz de Fora est\u00e1 entre as cidades contempladas na segunda etapa do Programa de Revitaliza\u00e7\u00e3o de Escolas Estaduais de Minas Gerais. M\u00e3os \u00e0 obra na Escola.<\/p>\n<p>Foi no Teatro Paschoal Carlos Magno o evento de abertura da for\u00e7a-tarefa de combate \u00e0 dengue. V\u00e1rios representantes das entidades p\u00fablicas e membros da sociedade civil discutiram formas de preven\u00e7\u00e3o e combate ao terr\u00edvel mosquito.<\/p>\n<p>Em caso de desastre, assinantes de TV receber\u00e3o mensagens de alerta da Defesa Civil. O servi\u00e7o j\u00e1 est\u00e1 em andamento em Minas Gerais, no Esp\u00edrito Santo, no Rio de Janeiro e em Alagoas.<\/p>\n<p>Observa\u00e7\u00e3o: deve ser horr\u00edvel trabalhar em empresa que exige meta. Preocupa\u00e7\u00e3o com o fato gera depress\u00e3o e ansiedade e o funcion\u00e1rio infeliz. Tome nota!<\/p>\n<p>Outubro Rosa (Mama) e Novembro Azul (Pr\u00f3stata), leva projeto do Sabin\/Sinai muita informa\u00e7\u00e3o ao p\u00fablico em geral. O foco no diagn\u00f3stico do c\u00e2ncer precoce e na preven\u00e7\u00e3o da doen\u00e7a tem apoio de profissionais de sa\u00fade e parceiros.<\/p>\n<p>Expectativa no circuito cultural de Juiz de Fora para a Primeira Feira do Livro de Juiz de Fora (FLIFUF). Ser\u00e1 dias 10, 11, 12 e 13 de outubro, na Pra\u00e7a C\u00edvica da UFJF. No local lounge de leitura e espa\u00e7o do autor.<\/p>\n<p>Ser\u00e1 na sexta-feira, 4, no Bar da F\u00e1brica, o show s\u00f3 para convidados em comemora\u00e7\u00e3o aos 23 anos da Banda Zona Blue. Aplausos para Ricardo Capra, Patrick Muzak, Reinaldo Santos e M\u00e1rcio Benjamin.<\/p>\n<p>Para atualizar: Na era atual nas festas \u00e9 notado os termos \u201cVip\u201d, \u201cVipinho\u201d e \u201cVip\u00e3o\u201d. No frigir dos ovos como encaixar tanto blogueiro e youtuber nos eventos? Eis a quest\u00e3o! Bom dia.<\/p>\n<p><img loading=\"lazy\" decoding=\"async\" class=\"aligncenter size-full wp-image-148172\" src=\"https:\/\/diarioregionaldigital.com.br\/wp-content\/uploads\/2019\/09\/arte-coluna-social-2-NOVO.png\" alt=\"\" width=\"3508\" height=\"709\" srcset=\"https:\/\/diarioregionaldigital.com.br\/wp-content\/uploads\/2019\/09\/arte-coluna-social-2-NOVO.png 3508w, https:\/\/diarioregionaldigital.com.br\/wp-content\/uploads\/2019\/09\/arte-coluna-social-2-NOVO-300x61.png 300w, https:\/\/diarioregionaldigital.com.br\/wp-content\/uploads\/2019\/09\/arte-coluna-social-2-NOVO-768x155.png 768w, https:\/\/diarioregionaldigital.com.br\/wp-content\/uploads\/2019\/09\/arte-coluna-social-2-NOVO-1024x207.png 1024w, https:\/\/diarioregionaldigital.com.br\/wp-content\/uploads\/2019\/09\/arte-coluna-social-2-NOVO-360x73.png 360w\" sizes=\"auto, (max-width: 3508px) 100vw, 3508px\" \/><\/p>\n","protected":false},"excerpt":{"rendered":"<p>Caf\u00e9 Estrat\u00e9gico Com o objetivo de apresentar ferramenta criada pelo grupo Sircom, ser\u00e1 realizado no dia 8 de outubro, \u00e0s 9h, o Caf\u00e9 Estrat\u00e9gico reunindo em ritmo de NetWorking, empres\u00e1rios, empreendedores, coach e especialistas, gestores e consultores. Ser\u00e1 no Espa\u00e7o Interativo Coworking, na rua Oscar Vidal, 416. O evento \u00e9 gratuito e a inscri\u00e7\u00e3o pelo [&hellip;]<\/p>\n","protected":false},"author":96,"featured_media":148923,"comment_status":"closed","ping_status":"closed","sticky":false,"template":"","format":"standard","meta":{"footnotes":""},"categories":[264],"tags":[],"class_list":["post-148962","post","type-post","status-publish","format-standard","has-post-thumbnail","hentry","category-eduardo-gomes"],"_links":{"self":[{"href":"https:\/\/diarioregionaldigital.com.br\/index.php?rest_route=\/wp\/v2\/posts\/148962","targetHints":{"allow":["GET"]}}],"collection":[{"href":"https:\/\/diarioregionaldigital.com.br\/index.php?rest_route=\/wp\/v2\/posts"}],"about":[{"href":"https:\/\/diarioregionaldigital.com.br\/index.php?rest_route=\/wp\/v2\/types\/post"}],"author":[{"embeddable":true,"href":"https:\/\/diarioregionaldigital.com.br\/index.php?rest_route=\/wp\/v2\/users\/96"}],"replies":[{"embeddable":true,"href":"https:\/\/diarioregionaldigital.com.br\/index.php?rest_route=%2Fwp%2Fv2%2Fcomments&post=148962"}],"version-history":[{"count":0,"href":"https:\/\/diarioregionaldigital.com.br\/index.php?rest_route=\/wp\/v2\/posts\/148962\/revisions"}],"wp:featuredmedia":[{"embeddable":true,"href":"https:\/\/diarioregionaldigital.com.br\/index.php?rest_route=\/wp\/v2\/media\/148923"}],"wp:attachment":[{"href":"https:\/\/diarioregionaldigital.com.br\/index.php?rest_route=%2Fwp%2Fv2%2Fmedia&parent=148962"}],"wp:term":[{"taxonomy":"category","embeddable":true,"href":"https:\/\/diarioregionaldigital.com.br\/index.php?rest_route=%2Fwp%2Fv2%2Fcategories&post=148962"},{"taxonomy":"post_tag","embeddable":true,"href":"https:\/\/diarioregionaldigital.com.br\/index.php?rest_route=%2Fwp%2Fv2%2Ftags&post=148962"}],"curies":[{"name":"wp","href":"https:\/\/api.w.org\/{rel}","templated":true}]}}