{"id":148945,"date":"2019-10-03T18:13:43","date_gmt":"2019-10-03T21:13:43","guid":{"rendered":"https:\/\/diarioregionaldigital.com.br\/?p=148945"},"modified":"2019-10-03T18:13:43","modified_gmt":"2019-10-03T21:13:43","slug":"comissao-mista-analisa-relatorio-da-mp-que-permite-saque-do-fgts","status":"publish","type":"post","link":"https:\/\/diarioregionaldigital.com.br\/?p=148945","title":{"rendered":"Comiss\u00e3o mista analisa relat\u00f3rio da MP que permite saque do FGTS"},"content":{"rendered":"<p>A comiss\u00e3o mista da <a href=\"http:\/\/www.congressonacional.leg.br\/materias\/medidas-provisorias\/-\/mpv\/137834\">Medida Provis\u00f3ria 889\/2019<\/a> analisa na pr\u00f3xima ter\u00e7a-feira (8), \u00e0s 14h30, o relat\u00f3rio do deputado Hugo Motta (Republicanos-PB). O texto cria novas regras para o saque do Fundo de Garantia do Tempo de Servi\u00e7o (FGTS).<\/p>\n<p>Motta ainda n\u00e3o entregou parecer sobre a mat\u00e9ria, que recebeu 133 emendas de senadores e deputados. A MP 889\/2019 abre a possibilidade do saque imediato de at\u00e9 R$ 500 e cria a modalidade do saque-anivers\u00e1rio, em que o trabalhador pode retirar uma quantia limitada da conta uma vez por ano, no m\u00eas de anivers\u00e1rio. Antes, o FGTS s\u00f3 podia ser movimentado pelo trabalhador em algumas hip\u00f3teses, como demiss\u00e3o sem justa causa, aposentadoria, algumas doen\u00e7as e financiamento imobili\u00e1rio, entre outras.<\/p>\n<p>O texto traz ainda novas regras para a movimenta\u00e7\u00e3o dos fundos do Programa de Integra\u00e7\u00e3o Social (PIS) e do Programa de Forma\u00e7\u00e3o do Patrim\u00f4nio do Servidor P\u00fablico (Pasep), que afetam apenas quem trabalhou com carteira assinada entre 1970 e 1988. A MP permite que os benefici\u00e1rios saquem, a partir de agosto, a totalidade dos saldos.<\/p>\n<p>Editada em julho, a medida precisa ser aprovada nos plen\u00e1rios da C\u00e2mara e do Senado at\u00e9 21 de novembro para n\u00e3o perder a validade. Ela s\u00f3 entra na pauta do Plen\u00e1rio da C\u00e2mara depois de passar pela comiss\u00e3o mista.<\/p>\n<p>Fonte: Ag\u00eancia Senado<\/p>\n","protected":false},"excerpt":{"rendered":"<p>A comiss\u00e3o mista da Medida Provis\u00f3ria 889\/2019 analisa na pr\u00f3xima ter\u00e7a-feira (8), \u00e0s 14h30, o relat\u00f3rio do deputado Hugo Motta (Republicanos-PB). O texto cria novas regras para o saque do Fundo de Garantia do Tempo de Servi\u00e7o (FGTS). Motta ainda n\u00e3o entregou parecer sobre a mat\u00e9ria, que recebeu 133 emendas de senadores e deputados. A [&hellip;]<\/p>\n","protected":false},"author":96,"featured_media":148946,"comment_status":"closed","ping_status":"closed","sticky":false,"template":"","format":"standard","meta":{"footnotes":""},"categories":[436,254,439],"tags":[],"class_list":["post-148945","post","type-post","status-publish","format-standard","has-post-thumbnail","hentry","category-destaque-da-semana","category-politica","category-ultima-hora"],"_links":{"self":[{"href":"https:\/\/diarioregionaldigital.com.br\/index.php?rest_route=\/wp\/v2\/posts\/148945","targetHints":{"allow":["GET"]}}],"collection":[{"href":"https:\/\/diarioregionaldigital.com.br\/index.php?rest_route=\/wp\/v2\/posts"}],"about":[{"href":"https:\/\/diarioregionaldigital.com.br\/index.php?rest_route=\/wp\/v2\/types\/post"}],"author":[{"embeddable":true,"href":"https:\/\/diarioregionaldigital.com.br\/index.php?rest_route=\/wp\/v2\/users\/96"}],"replies":[{"embeddable":true,"href":"https:\/\/diarioregionaldigital.com.br\/index.php?rest_route=%2Fwp%2Fv2%2Fcomments&post=148945"}],"version-history":[{"count":0,"href":"https:\/\/diarioregionaldigital.com.br\/index.php?rest_route=\/wp\/v2\/posts\/148945\/revisions"}],"wp:featuredmedia":[{"embeddable":true,"href":"https:\/\/diarioregionaldigital.com.br\/index.php?rest_route=\/wp\/v2\/media\/148946"}],"wp:attachment":[{"href":"https:\/\/diarioregionaldigital.com.br\/index.php?rest_route=%2Fwp%2Fv2%2Fmedia&parent=148945"}],"wp:term":[{"taxonomy":"category","embeddable":true,"href":"https:\/\/diarioregionaldigital.com.br\/index.php?rest_route=%2Fwp%2Fv2%2Fcategories&post=148945"},{"taxonomy":"post_tag","embeddable":true,"href":"https:\/\/diarioregionaldigital.com.br\/index.php?rest_route=%2Fwp%2Fv2%2Ftags&post=148945"}],"curies":[{"name":"wp","href":"https:\/\/api.w.org\/{rel}","templated":true}]}}