{"id":148942,"date":"2019-10-03T18:10:05","date_gmt":"2019-10-03T21:10:05","guid":{"rendered":"https:\/\/diarioregionaldigital.com.br\/?p=148942"},"modified":"2019-10-03T18:10:05","modified_gmt":"2019-10-03T21:10:05","slug":"politica-nacional-de-prevencao-do-diabetes-vai-a-sancao-presidencial","status":"publish","type":"post","link":"https:\/\/diarioregionaldigital.com.br\/?p=148942","title":{"rendered":"Pol\u00edtica Nacional de Preven\u00e7\u00e3o do Diabetes vai \u00e0 san\u00e7\u00e3o presidencial"},"content":{"rendered":"<p>Segue para a san\u00e7\u00e3o presidencial o Projeto de Lei da C\u00e2mara (PLC) <a href=\"https:\/\/www25.senado.leg.br\/web\/atividade\/materias\/-\/materia\/131364\">133\/2017<\/a>, que cria a Pol\u00edtica Nacional de Preven\u00e7\u00e3o do Diabetes, a ser adotada pelo Sistema \u00danico de Sa\u00fade (SUS). O texto prev\u00ea a realiza\u00e7\u00e3o de campanhas de conscientiza\u00e7\u00e3o sobre a import\u00e2ncia de medir regularmente e controlar os n\u00edveis glic\u00eamicos.<\/p>\n<p>A proposta, de autoria do deputado Raimundo Gomes de Matos (PSDB\/CE), foi <a class=\"external-link\" href=\"http:\/\/www12.senado.leg.br\/noticias\/materias\/2019\/03\/12\/senado-aprova-a-politica-nacional-de-prevencao-de-diabetes\">aprovada<\/a> com emenda no Senado. Por isso, a mat\u00e9ria retornou \u00e0 an\u00e1lise da C\u00e2mara, onde foi aprovada na \u00faltima ter\u00e7a-feira (1).<\/p>\n<p>O relator do PLC 133\/2017, senador Jorge Kajuru (Cidadania-GO), ressaltou a gravidade da doen\u00e7a. Ele lembrou que 48% das mortes no Brasil s\u00e3o causadas pelo diabetes \u2014 a terceira doen\u00e7a que mais mata no Brasil, atr\u00e1s apenas do acidente vascular cerebral (AVC) e da hipertens\u00e3o.<\/p>\n<p>\u2014 O Brasil possui 23 milh\u00f5es de diab\u00e9ticos. \u00c9 uma doen\u00e7a cara, e as pessoas sem condi\u00e7\u00f5es financeiras n\u00e3o conseguem adquirir os principais rem\u00e9dios que s\u00e3o o Glifage e o Amaryl. Por consequ\u00eancia, elas podem ter que ser submetidas urgentemente \u00e0 uma cirurgia \u2014 que hoje o Brasil \u00e9 pioneiro \u2014 que se chama metab\u00f3lica. Agora, via SUS, as pessoas ter\u00e3o um atendimento que antes n\u00e3o tinha para os diab\u00e9ticos. Se o caso for grave, poder\u00e1 ter direito \u00e0 cirurgia tanto a diab\u00e9tica quanto a bari\u00e1trica e o fornecimento de rem\u00e9dios, especialmente a insulina. Ent\u00e3o \u00e9 um atendimento completo. Quando o diab\u00e9tico \u00e9 atendido, faz a cirurgia e se sente aliviado com a redu\u00e7\u00e3o da glicemia, ele costuma dizer que ganhou a vida de novo. Ent\u00e3o voc\u00ea v\u00ea o que \u00e9 ser diab\u00e9tico. \u00c9 muito ruim, \u00e9 uma doen\u00e7a muito sofrida e silenciosa \u2014 disse.<\/p>\n<p>Kajuru o definiu a aprova\u00e7\u00e3o do projeto como \u201chist\u00f3rica\u201d. Ele relatou ainda a experi\u00eancia pessoal como diab\u00e9tico.<\/p>\n<p>\u2014 Daqui a muitos anos, o pa\u00eds vai lembrar que algu\u00e9m se preocupou com a doen\u00e7a mais perigosa e mais silenciosa do planeta, que se chama diabetes. Hoje, na verdade, o diabetes \u00e9 a doen\u00e7a do s\u00e9culo. Ent\u00e3o poder realizar esse projeto e v\u00ea-lo aprovado aqui \u00e9 muito prazeroso. E como diab\u00e9tico a minha alegria \u00e9 ainda maior! \u2014 disse.<\/p>\n<p>O texto prev\u00ea a universalidade, a integralidade, a equidade, a descentraliza\u00e7\u00e3o e a participa\u00e7\u00e3o da sociedade na defini\u00e7\u00e3o e no controle das a\u00e7\u00f5es e dos servi\u00e7os de sa\u00fade. O SUS deve dar \u00eanfase a a\u00e7\u00f5es coletivas e preventivas, promo\u00e7\u00e3o da sa\u00fade e qualidade de vida e multidisciplinaridade. A Pol\u00edtica Nacional de Preven\u00e7\u00e3o do Diabetes estabelece ainda o apoio ao desenvolvimento cient\u00edfico e tecnol\u00f3gico voltado para o enfrentamento e o controle da doen\u00e7a e a forma\u00e7\u00e3o continuada de profissionais, pacientes, familiares e cuidadores.<\/p>\n<p>O Diabetes pode levar a cegueira, insufici\u00eancia renal e amputa\u00e7\u00e3o, entre outros problemas. De acordo com uma pesquisa da Organiza\u00e7\u00e3o Mundial de Sa\u00fade (OMS), a taxa de incid\u00eancia de diabetes no Brasil cresceu 61,8% entre 2006 e 2016.<\/p>\n<p>Fonte: Ag\u00eancia Senado<\/p>\n","protected":false},"excerpt":{"rendered":"<p>Segue para a san\u00e7\u00e3o presidencial o Projeto de Lei da C\u00e2mara (PLC) 133\/2017, que cria a Pol\u00edtica Nacional de Preven\u00e7\u00e3o do Diabetes, a ser adotada pelo Sistema \u00danico de Sa\u00fade (SUS). O texto prev\u00ea a realiza\u00e7\u00e3o de campanhas de conscientiza\u00e7\u00e3o sobre a import\u00e2ncia de medir regularmente e controlar os n\u00edveis glic\u00eamicos. A proposta, de autoria [&hellip;]<\/p>\n","protected":false},"author":96,"featured_media":148943,"comment_status":"closed","ping_status":"closed","sticky":false,"template":"","format":"standard","meta":{"footnotes":""},"categories":[436,254,439],"tags":[],"class_list":["post-148942","post","type-post","status-publish","format-standard","has-post-thumbnail","hentry","category-destaque-da-semana","category-politica","category-ultima-hora"],"_links":{"self":[{"href":"https:\/\/diarioregionaldigital.com.br\/index.php?rest_route=\/wp\/v2\/posts\/148942","targetHints":{"allow":["GET"]}}],"collection":[{"href":"https:\/\/diarioregionaldigital.com.br\/index.php?rest_route=\/wp\/v2\/posts"}],"about":[{"href":"https:\/\/diarioregionaldigital.com.br\/index.php?rest_route=\/wp\/v2\/types\/post"}],"author":[{"embeddable":true,"href":"https:\/\/diarioregionaldigital.com.br\/index.php?rest_route=\/wp\/v2\/users\/96"}],"replies":[{"embeddable":true,"href":"https:\/\/diarioregionaldigital.com.br\/index.php?rest_route=%2Fwp%2Fv2%2Fcomments&post=148942"}],"version-history":[{"count":0,"href":"https:\/\/diarioregionaldigital.com.br\/index.php?rest_route=\/wp\/v2\/posts\/148942\/revisions"}],"wp:featuredmedia":[{"embeddable":true,"href":"https:\/\/diarioregionaldigital.com.br\/index.php?rest_route=\/wp\/v2\/media\/148943"}],"wp:attachment":[{"href":"https:\/\/diarioregionaldigital.com.br\/index.php?rest_route=%2Fwp%2Fv2%2Fmedia&parent=148942"}],"wp:term":[{"taxonomy":"category","embeddable":true,"href":"https:\/\/diarioregionaldigital.com.br\/index.php?rest_route=%2Fwp%2Fv2%2Fcategories&post=148942"},{"taxonomy":"post_tag","embeddable":true,"href":"https:\/\/diarioregionaldigital.com.br\/index.php?rest_route=%2Fwp%2Fv2%2Ftags&post=148942"}],"curies":[{"name":"wp","href":"https:\/\/api.w.org\/{rel}","templated":true}]}}