{"id":148939,"date":"2019-10-03T18:03:42","date_gmt":"2019-10-03T21:03:42","guid":{"rendered":"https:\/\/diarioregionaldigital.com.br\/?p=148939"},"modified":"2019-10-03T18:03:42","modified_gmt":"2019-10-03T21:03:42","slug":"camara-realiza-plantao-para-cadastramento-biometrico-neste-sabado","status":"publish","type":"post","link":"https:\/\/diarioregionaldigital.com.br\/?p=148939","title":{"rendered":"C\u00e2mara realiza plant\u00e3o para cadastramento biom\u00e9trico neste s\u00e1bado"},"content":{"rendered":"<p>Os eleitores de Juiz de Fora poder\u00e3o fazer o cadastramento biom\u00e9trico neste s\u00e1bado, 5, na C\u00e2mara Municipal. O plant\u00e3o acontece das 9h \u00e0s 15h e ser\u00e1 provido para facilitar o atendimento aos cidad\u00e3os que n\u00e3o conseguem realizar o procedimento durante a semana.<\/p>\n<p>Mais de 220 mil eleitores ainda n\u00e3o fizeram o cadastramento biom\u00e9trico. O procedimento, que \u00e9 obrigat\u00f3rio para os eleitores de Juiz de Fora, deve ser realizado at\u00e9 o dia 21 de fevereiro de 2020. Caso contr\u00e1rio, o cidad\u00e3o ter\u00e1 o t\u00edtulo cancelado e n\u00e3o poder\u00e1, por exemplo, obter passaporte, carteira de identidade ou ocupar cargo p\u00fablico.<\/p>\n<p>A analista judici\u00e1ria do Tribunal Regional Eleitoral (TRE), Josiane Carminati, destaca que os eleitores n\u00e3o devem deixar o cadastramento para a \u00faltima hora. \u201cA procura n\u00e3o est\u00e1 acontecendo como a gente esperava e muitos eleitores ainda n\u00e3o fizeram a biometria. N\u00f3s est\u00e1vamos com uma m\u00e9dia de procura boa, pr\u00f3xima aos 800 atendimentos por dia. No entanto, nas \u00faltimas tr\u00eas semanas, esse n\u00famero caiu e estamos atendendo entre 600 e 700 pessoas por dia.\u201d<\/p>\n<p>Como conta a servidora, a realiza\u00e7\u00e3o do plant\u00e3o neste s\u00e1bado tem como objetivo incentivar as pessoas a fazerem o procedimento, em especial \u00e0quelas que n\u00e3o podem comparecer \u00e0 C\u00e2mara ou ao pr\u00e9dio do TRE durante a semana. Para fazer a biometria neste s\u00e1bado, os eleitores podem agendar o hor\u00e1rio no site do TRE ou por meio do telefone 148, o que agiliza o atendimento. \u00c9 poss\u00edvel tamb\u00e9m fazer a biometria sem agendamento, aguardando na fila de acordo com a ordem de chegada.<\/p>\n<p>Tr\u00eas salas no sagu\u00e3o da C\u00e2mara Municipal est\u00e3o sendo utilizadas para a realiza\u00e7\u00e3o do cadastramento biom\u00e9trico, com um total de 26 guich\u00eas de atendimento. \u00c9 preciso apresentar RG, comprovante de resid\u00eancia, t\u00edtulo eleitoral (se j\u00e1 possuir) e CPF. O hor\u00e1rio de funcionamento \u00e9 de segunda \u00e0 quinta feira das 10h \u00e0s 18h e nas sextas-feiras das 10h \u00e0s 17h.<\/p>\n<p>Durante a semana, o hor\u00e1rio de atendimento na C\u00e2mara Municipal \u00e9 de segunda \u00e0 quinta feira das 10h \u00e0s 18h e nas sextas-feiras das 10h \u00e0s 17h. Os eleitores tamb\u00e9m podem fazer o cadastramento na central do eleitor, localizada na Avenida Presidente Itamar Franco, 142 &#8211; Centro.<\/p>\n<p>&nbsp;<\/p>\n<p>Fonte: CMJF<\/p>\n","protected":false},"excerpt":{"rendered":"<p>Os eleitores de Juiz de Fora poder\u00e3o fazer o cadastramento biom\u00e9trico neste s\u00e1bado, 5, na C\u00e2mara Municipal. O plant\u00e3o acontece das 9h \u00e0s 15h e ser\u00e1 provido para facilitar o atendimento aos cidad\u00e3os que n\u00e3o conseguem realizar o procedimento durante a semana. Mais de 220 mil eleitores ainda n\u00e3o fizeram o cadastramento biom\u00e9trico. O procedimento, [&hellip;]<\/p>\n","protected":false},"author":96,"featured_media":148940,"comment_status":"closed","ping_status":"closed","sticky":false,"template":"","format":"standard","meta":{"footnotes":""},"categories":[253,436,439],"tags":[],"class_list":["post-148939","post","type-post","status-publish","format-standard","has-post-thumbnail","hentry","category-cidade","category-destaque-da-semana","category-ultima-hora"],"_links":{"self":[{"href":"https:\/\/diarioregionaldigital.com.br\/index.php?rest_route=\/wp\/v2\/posts\/148939","targetHints":{"allow":["GET"]}}],"collection":[{"href":"https:\/\/diarioregionaldigital.com.br\/index.php?rest_route=\/wp\/v2\/posts"}],"about":[{"href":"https:\/\/diarioregionaldigital.com.br\/index.php?rest_route=\/wp\/v2\/types\/post"}],"author":[{"embeddable":true,"href":"https:\/\/diarioregionaldigital.com.br\/index.php?rest_route=\/wp\/v2\/users\/96"}],"replies":[{"embeddable":true,"href":"https:\/\/diarioregionaldigital.com.br\/index.php?rest_route=%2Fwp%2Fv2%2Fcomments&post=148939"}],"version-history":[{"count":0,"href":"https:\/\/diarioregionaldigital.com.br\/index.php?rest_route=\/wp\/v2\/posts\/148939\/revisions"}],"wp:featuredmedia":[{"embeddable":true,"href":"https:\/\/diarioregionaldigital.com.br\/index.php?rest_route=\/wp\/v2\/media\/148940"}],"wp:attachment":[{"href":"https:\/\/diarioregionaldigital.com.br\/index.php?rest_route=%2Fwp%2Fv2%2Fmedia&parent=148939"}],"wp:term":[{"taxonomy":"category","embeddable":true,"href":"https:\/\/diarioregionaldigital.com.br\/index.php?rest_route=%2Fwp%2Fv2%2Fcategories&post=148939"},{"taxonomy":"post_tag","embeddable":true,"href":"https:\/\/diarioregionaldigital.com.br\/index.php?rest_route=%2Fwp%2Fv2%2Ftags&post=148939"}],"curies":[{"name":"wp","href":"https:\/\/api.w.org\/{rel}","templated":true}]}}