{"id":148936,"date":"2019-10-03T17:58:14","date_gmt":"2019-10-03T20:58:14","guid":{"rendered":"https:\/\/diarioregionaldigital.com.br\/?p=148936"},"modified":"2019-10-03T17:58:14","modified_gmt":"2019-10-03T20:58:14","slug":"prevencao-de-riscos-e-desastres-e-tema-da-2a-semana-da-defesa-civil","status":"publish","type":"post","link":"https:\/\/diarioregionaldigital.com.br\/?p=148936","title":{"rendered":"Preven\u00e7\u00e3o de riscos e desastres \u00e9 tema da \u201c2\u00aa Semana da Defesa Civil\u201d"},"content":{"rendered":"<p>A \u201c2\u00aa Semana da Defesa Civil\u201d come\u00e7ar\u00e1 na segunda-feira, 7, tendo como foco a preven\u00e7\u00e3o de riscos a desastres. A programa\u00e7\u00e3o ocorrer\u00e1 nos bairros Linhares, Vitorino Braga, Igrejinha, Ladeira e Centro, nos per\u00edodos da manh\u00e3 e tarde. A abertura oficial ser\u00e1 \u00e0s 15 horas, na Rua Garibaldi Campinhos,169, Bairro Vitorino Braga, com a presen\u00e7a do prefeito Ant\u00f4nio Almas. Durante toda a semana a Defesa Civil promover\u00e1 atividades como blitz educativa, limpeza de c\u00f3rregos, panfletagem e palestras de a\u00e7\u00f5es preventivas. O evento ter\u00e1 parceria de outras secretarias da Prefeitura de Juiz de Fora (PJF), al\u00e9m da iniciativa privada e de \u00f3rg\u00e3os p\u00fablicos.<\/p>\n<p><i>Programa\u00e7\u00e3o<\/i><\/p>\n<p><b>Segunda-feira, 7<\/b><\/p>\n<p>9 \u00e0s 11 h- Blitz educativa<\/p>\n<p><b>Local:<\/b>\u00a027\u00ba Batalh\u00e3o da Pol\u00edcia Militar<\/p>\n<p>15 horas &#8211; Abertura oficial<\/p>\n<p><b>Local:<\/b>\u00a0Rua Garibaldi Campinhos, 169, Bairro Vitorino Braga<\/p>\n<p><b>Ter\u00e7a-feira, 8<\/b><\/p>\n<p>9 horas &#8211; Limpeza do c\u00f3rrego do Bairro Linhares<\/p>\n<p>14 \u00e0s 16 horas &#8211; Limpeza da Pra\u00e7a Senador Teot\u00f4nio Vilela<\/p>\n<p><b>Local:<\/b>\u00a0Bairro Vitorino Braga<\/p>\n<p><b>Quarta-feira, 9<\/b><\/p>\n<p>14 horas &#8211; Panfletagem e orienta\u00e7\u00f5es t\u00e9cnicas sobre riscos e preven\u00e7\u00e3o em Defesa Civil<\/p>\n<p><b>Local:<\/b>\u00a0Cal\u00e7ad\u00e3o da Rua Halfeld (em frente ao Cine-Theatro Central)<\/p>\n<p><b>Quinta-feira, 10<\/b><\/p>\n<p>9 horas &#8211; A\u00e7\u00e3o preventiva e lan\u00e7amento do \u201c1\u00ba Concurso Defesa Civil vai \u00e0 Escola\u201d<\/p>\n<p><b>Local:<\/b>\u00a0Escola Municipal \u201cPadre Wilson\u201d &#8211; Bairro Igrejinha<\/p>\n<p>14 horas &#8211; Simulado de emerg\u00eancia em barragens da Nexa Resources<\/p>\n<p><b>Local:<\/b>\u00a0Igrejinha<\/p>\n<p><b>Sexta-feira, 11<\/b><\/p>\n<p>9 horas &#8211; Palestra com representante da Defesa Civil Estadual sobre barragens e encerramento.<\/p>\n<p><b>Palestrante:<\/b>\u00a0primeiro-tenente do Corpo de Bombeiros Paulo Henrique Camargos Firme<\/p>\n<p><b>Local:<\/b>\u00a0Escola de Governo &#8211; Rua Maria Perp\u00e9tua, 72, 3\u00ba andar- Bairro Ladeira<\/p>\n<p>Fonte: PJF<\/p>\n","protected":false},"excerpt":{"rendered":"<p>A \u201c2\u00aa Semana da Defesa Civil\u201d come\u00e7ar\u00e1 na segunda-feira, 7, tendo como foco a preven\u00e7\u00e3o de riscos a desastres. A programa\u00e7\u00e3o ocorrer\u00e1 nos bairros Linhares, Vitorino Braga, Igrejinha, Ladeira e Centro, nos per\u00edodos da manh\u00e3 e tarde. A abertura oficial ser\u00e1 \u00e0s 15 horas, na Rua Garibaldi Campinhos,169, Bairro Vitorino Braga, com a presen\u00e7a do [&hellip;]<\/p>\n","protected":false},"author":96,"featured_media":148937,"comment_status":"closed","ping_status":"closed","sticky":false,"template":"","format":"standard","meta":{"footnotes":""},"categories":[253,436,439],"tags":[],"class_list":["post-148936","post","type-post","status-publish","format-standard","has-post-thumbnail","hentry","category-cidade","category-destaque-da-semana","category-ultima-hora"],"_links":{"self":[{"href":"https:\/\/diarioregionaldigital.com.br\/index.php?rest_route=\/wp\/v2\/posts\/148936","targetHints":{"allow":["GET"]}}],"collection":[{"href":"https:\/\/diarioregionaldigital.com.br\/index.php?rest_route=\/wp\/v2\/posts"}],"about":[{"href":"https:\/\/diarioregionaldigital.com.br\/index.php?rest_route=\/wp\/v2\/types\/post"}],"author":[{"embeddable":true,"href":"https:\/\/diarioregionaldigital.com.br\/index.php?rest_route=\/wp\/v2\/users\/96"}],"replies":[{"embeddable":true,"href":"https:\/\/diarioregionaldigital.com.br\/index.php?rest_route=%2Fwp%2Fv2%2Fcomments&post=148936"}],"version-history":[{"count":0,"href":"https:\/\/diarioregionaldigital.com.br\/index.php?rest_route=\/wp\/v2\/posts\/148936\/revisions"}],"wp:featuredmedia":[{"embeddable":true,"href":"https:\/\/diarioregionaldigital.com.br\/index.php?rest_route=\/wp\/v2\/media\/148937"}],"wp:attachment":[{"href":"https:\/\/diarioregionaldigital.com.br\/index.php?rest_route=%2Fwp%2Fv2%2Fmedia&parent=148936"}],"wp:term":[{"taxonomy":"category","embeddable":true,"href":"https:\/\/diarioregionaldigital.com.br\/index.php?rest_route=%2Fwp%2Fv2%2Fcategories&post=148936"},{"taxonomy":"post_tag","embeddable":true,"href":"https:\/\/diarioregionaldigital.com.br\/index.php?rest_route=%2Fwp%2Fv2%2Ftags&post=148936"}],"curies":[{"name":"wp","href":"https:\/\/api.w.org\/{rel}","templated":true}]}}