{"id":148893,"date":"2019-10-06T06:00:35","date_gmt":"2019-10-06T09:00:35","guid":{"rendered":"https:\/\/diarioregionaldigital.com.br\/?p=148893"},"modified":"2019-10-03T16:32:14","modified_gmt":"2019-10-03T19:32:14","slug":"conselho-de-comunicacao-analisa-projeto-que-pune-fake-news","status":"publish","type":"post","link":"https:\/\/diarioregionaldigital.com.br\/?p=148893","title":{"rendered":"Conselho de Comunica\u00e7\u00e3o analisa projeto que pune fake news"},"content":{"rendered":"<p>O Conselho de Comunica\u00e7\u00e3o Social (CCS) vota na pr\u00f3xima segunda-feira (7) um relat\u00f3rio sobre dois projetos de lei da C\u00e2mara que imp\u00f5em limites ao uso de redes sociais. O <a class=\"external-link\" href=\"http:\/\/www.camara.leg.br\/proposicoesWeb\/fichadetramitacao?idProposicao=2167860\">PL 9.533\/2018<\/a> altera a <a class=\"external-link\" href=\"http:\/\/www.planalto.gov.br\/ccivil_03\/leis\/l7170.htm\">Lei de Seguran\u00e7a Nacional<\/a> para considerar crime a produ\u00e7\u00e3o ou a divulga\u00e7\u00e3o de not\u00edcias falsas (<i>fake news<\/i>) que provoquem atos de viol\u00eancia. O <a class=\"external-link\" href=\"http:\/\/www.camara.leg.br\/proposicoesWeb\/fichadetramitacao?idProposicao=2198978\">PL 2463\/2019<\/a> pro\u00edbe a dissemina\u00e7\u00e3o de imagens ou informa\u00e7\u00f5es sobre massacres como forma de desestimular a ocorr\u00eancia de novos ataques. O autor do relat\u00f3rio \u00e9 o conselheiro Sydney Sanches, advogado e representante da categoria profissional dos artistas.<\/p>\n<p>Os conselheiros podem votar ainda um relat\u00f3rio sobre liberdade de imprensa, solicitado pela senadora Eliziane Gama (Cidadania-MA). A comiss\u00e3o encarregada do estudo \u00e9 coordenada pela conselheira Patr\u00edcia Blanco, representante da sociedade civil. O\u00a0<a class=\"external-link\" href=\"https:\/\/www25.senado.leg.br\/web\/atividade\/conselhos\/-\/conselho\/ccs\">CCS<\/a> \u00e9 um \u00f3rg\u00e3o auxiliar do Congresso e tem como atribui\u00e7\u00e3o realizar estudos e pareceres para subsidiar a atua\u00e7\u00e3o dos parlamentares.<\/p>\n<p>Depois de votar os relat\u00f3rios, o CSS promove audi\u00eancia p\u00fablica sobre a situa\u00e7\u00e3o do audiovisual no Brasil. Foram convidados o diretor da Ag\u00eancia Nacional do Cinema (Ancine), Alex Braga Muniz; a diretora do Departamento Educacional e Cultural do Minist\u00e9rio das Rela\u00e7\u00f5es Exteriores, ministra Paula Alves de Souza; e o secret\u00e1rio de Audiovisual do Minist\u00e9rio da Cidadania, Ricardo Rihan. A reuni\u00e3o est\u00e1 marcada para as 10h.<\/p>\n<p>Fonte: Ag\u00eancia Senado<\/p>\n","protected":false},"excerpt":{"rendered":"<p>O Conselho de Comunica\u00e7\u00e3o Social (CCS) vota na pr\u00f3xima segunda-feira (7) um relat\u00f3rio sobre dois projetos de lei da C\u00e2mara que imp\u00f5em limites ao uso de redes sociais. O PL 9.533\/2018 altera a Lei de Seguran\u00e7a Nacional para considerar crime a produ\u00e7\u00e3o ou a divulga\u00e7\u00e3o de not\u00edcias falsas (fake news) que provoquem atos de viol\u00eancia. [&hellip;]<\/p>\n","protected":false},"author":96,"featured_media":148894,"comment_status":"closed","ping_status":"closed","sticky":false,"template":"","format":"standard","meta":{"footnotes":""},"categories":[436,254,439],"tags":[],"class_list":["post-148893","post","type-post","status-publish","format-standard","has-post-thumbnail","hentry","category-destaque-da-semana","category-politica","category-ultima-hora"],"_links":{"self":[{"href":"https:\/\/diarioregionaldigital.com.br\/index.php?rest_route=\/wp\/v2\/posts\/148893","targetHints":{"allow":["GET"]}}],"collection":[{"href":"https:\/\/diarioregionaldigital.com.br\/index.php?rest_route=\/wp\/v2\/posts"}],"about":[{"href":"https:\/\/diarioregionaldigital.com.br\/index.php?rest_route=\/wp\/v2\/types\/post"}],"author":[{"embeddable":true,"href":"https:\/\/diarioregionaldigital.com.br\/index.php?rest_route=\/wp\/v2\/users\/96"}],"replies":[{"embeddable":true,"href":"https:\/\/diarioregionaldigital.com.br\/index.php?rest_route=%2Fwp%2Fv2%2Fcomments&post=148893"}],"version-history":[{"count":0,"href":"https:\/\/diarioregionaldigital.com.br\/index.php?rest_route=\/wp\/v2\/posts\/148893\/revisions"}],"wp:featuredmedia":[{"embeddable":true,"href":"https:\/\/diarioregionaldigital.com.br\/index.php?rest_route=\/wp\/v2\/media\/148894"}],"wp:attachment":[{"href":"https:\/\/diarioregionaldigital.com.br\/index.php?rest_route=%2Fwp%2Fv2%2Fmedia&parent=148893"}],"wp:term":[{"taxonomy":"category","embeddable":true,"href":"https:\/\/diarioregionaldigital.com.br\/index.php?rest_route=%2Fwp%2Fv2%2Fcategories&post=148893"},{"taxonomy":"post_tag","embeddable":true,"href":"https:\/\/diarioregionaldigital.com.br\/index.php?rest_route=%2Fwp%2Fv2%2Ftags&post=148893"}],"curies":[{"name":"wp","href":"https:\/\/api.w.org\/{rel}","templated":true}]}}