{"id":148887,"date":"2019-10-06T06:00:58","date_gmt":"2019-10-06T09:00:58","guid":{"rendered":"https:\/\/diarioregionaldigital.com.br\/?p=148887"},"modified":"2019-10-03T16:24:56","modified_gmt":"2019-10-03T19:24:56","slug":"ipc-s-cai-em-quatro-das-sete-capitais-pesquisadas-pela-fgv","status":"publish","type":"post","link":"https:\/\/diarioregionaldigital.com.br\/?p=148887","title":{"rendered":"IPC-S cai em quatro das sete capitais pesquisadas pela FGV"},"content":{"rendered":"<p>O \u00cdndice de Pre\u00e7os ao Consumidor Semanal (IPC-S) caiu em quatro das sete capitais pesquisadas pela Funda\u00e7\u00e3o Getulio Vargas (FGV) de agosto para setembro.<\/p>\n<p>A maior queda foi observada em S\u00e3o Paulo: de 0,38 ponto percentual, ao passar de uma infla\u00e7\u00e3o de 0,28% em agosto para uma defla\u00e7\u00e3o (queda de pre\u00e7os) de 0,10% em setembro.<\/p>\n<p>Outras duas cidades tamb\u00e9m tiveram quedas na taxa do IPC-S e registraram defla\u00e7\u00e3o em setembro: Belo Horizonte (redu\u00e7\u00e3o de 0,32 ponto percentual, indo de 0,28% para -0,04%) e Rio de Janeiro (decr\u00e9scimo de 0,23 ponto percentual caindo de 0,14% para -0,09%).<\/p>\n<h2>Estabilidade de pre\u00e7os<\/h2>\n<p>Em Porto Alegre, a taxa recuou 0,10 ponto percentual e a cidade\u00a0teve estabilidade de pre\u00e7os.<\/p>\n<p>Das outras tr\u00eas cidades com alta na taxa, o maior aumento foi registrado em Salvador (0,21 ponto percentual, indo de 0,20% para 0,41%). Em Recife, a alta foi de 0,04 ponto percentual: de 0,04% para 0,08%.<\/p>\n<p>Bras\u00edlia teve alta de 0,09 ponto percentual. Passou de uma defla\u00e7\u00e3o de 0,07% para uma infla\u00e7\u00e3o de 0,02%.<\/p>\n<p>Fonte: Ag\u00eancia Brasil<\/p>\n","protected":false},"excerpt":{"rendered":"<p>O \u00cdndice de Pre\u00e7os ao Consumidor Semanal (IPC-S) caiu em quatro das sete capitais pesquisadas pela Funda\u00e7\u00e3o Getulio Vargas (FGV) de agosto para setembro. A maior queda foi observada em S\u00e3o Paulo: de 0,38 ponto percentual, ao passar de uma infla\u00e7\u00e3o de 0,28% em agosto para uma defla\u00e7\u00e3o (queda de pre\u00e7os) de 0,10% em setembro. [&hellip;]<\/p>\n","protected":false},"author":96,"featured_media":148888,"comment_status":"closed","ping_status":"closed","sticky":false,"template":"","format":"standard","meta":{"footnotes":""},"categories":[436,261,439],"tags":[],"class_list":["post-148887","post","type-post","status-publish","format-standard","has-post-thumbnail","hentry","category-destaque-da-semana","category-economia","category-ultima-hora"],"_links":{"self":[{"href":"https:\/\/diarioregionaldigital.com.br\/index.php?rest_route=\/wp\/v2\/posts\/148887","targetHints":{"allow":["GET"]}}],"collection":[{"href":"https:\/\/diarioregionaldigital.com.br\/index.php?rest_route=\/wp\/v2\/posts"}],"about":[{"href":"https:\/\/diarioregionaldigital.com.br\/index.php?rest_route=\/wp\/v2\/types\/post"}],"author":[{"embeddable":true,"href":"https:\/\/diarioregionaldigital.com.br\/index.php?rest_route=\/wp\/v2\/users\/96"}],"replies":[{"embeddable":true,"href":"https:\/\/diarioregionaldigital.com.br\/index.php?rest_route=%2Fwp%2Fv2%2Fcomments&post=148887"}],"version-history":[{"count":0,"href":"https:\/\/diarioregionaldigital.com.br\/index.php?rest_route=\/wp\/v2\/posts\/148887\/revisions"}],"wp:featuredmedia":[{"embeddable":true,"href":"https:\/\/diarioregionaldigital.com.br\/index.php?rest_route=\/wp\/v2\/media\/148888"}],"wp:attachment":[{"href":"https:\/\/diarioregionaldigital.com.br\/index.php?rest_route=%2Fwp%2Fv2%2Fmedia&parent=148887"}],"wp:term":[{"taxonomy":"category","embeddable":true,"href":"https:\/\/diarioregionaldigital.com.br\/index.php?rest_route=%2Fwp%2Fv2%2Fcategories&post=148887"},{"taxonomy":"post_tag","embeddable":true,"href":"https:\/\/diarioregionaldigital.com.br\/index.php?rest_route=%2Fwp%2Fv2%2Ftags&post=148887"}],"curies":[{"name":"wp","href":"https:\/\/api.w.org\/{rel}","templated":true}]}}