{"id":148885,"date":"2019-10-06T06:00:45","date_gmt":"2019-10-06T09:00:45","guid":{"rendered":"https:\/\/diarioregionaldigital.com.br\/?p=148885"},"modified":"2019-10-03T16:20:03","modified_gmt":"2019-10-03T19:20:03","slug":"producao-industrial-brasileira-cresce-08","status":"publish","type":"post","link":"https:\/\/diarioregionaldigital.com.br\/?p=148885","title":{"rendered":"Produ\u00e7\u00e3o industrial brasileira cresce 0,8%"},"content":{"rendered":"<p>A produ\u00e7\u00e3o industrial brasileira cresceu 0,8% na passagem de julho para agosto. Com a alta, a ind\u00fastria recuperou parte da perda de 0,9% acumulada de maio a julho. O dado \u00e9 da Pesquisa Industrial Mensal, divulgada na ter\u00e7a-feira (1\u00ba) pelo Instituto Brasileiro de Geografia e Estat\u00edstica (IBGE).<\/p>\n<p>Apesar da alta na compara\u00e7\u00e3o com julho, a ind\u00fastria teve quedas de 2,3% na compara\u00e7\u00e3o com agosto do ano passado e de 1,7% tanto no acumulado do ano quanto no acumulado de 12 meses.<\/p>\n<p>A alta da taxa de julho para agosto foi puxada exclusivamente pelos bens intermedi\u00e1rios, isto \u00e9, os insumos industrializados usados no setor produtivo, que cresceram 1,4% no per\u00edodo.<\/p>\n<p>Ao mesmo tempo, tiveram queda os bens de capital, isto \u00e9, as m\u00e1quinas e equipamentos (-0,4%), os bens de consumo dur\u00e1veis (-1,8%) e os bens de consumo semi e n\u00e3o dur\u00e1veis (-0,4%).<\/p>\n<p>Entre as 26 atividades pesquisadas, apenas dez tiveram alta e sustentaram o crescimento m\u00e9dio da ind\u00fastria, com destaque para as ind\u00fastrias extrativas, que avan\u00e7aram 6,6% de julho para agosto. Tamb\u00e9m tiveram altas os setores de derivados de petr\u00f3leo e biocombust\u00edveis (3,6%) e de produtos aliment\u00edcios (2%).<\/p>\n<p>Entre os 16 segmentos em queda, os destaques ficaram com ve\u00edculos automotores (-3%), artigos de vestu\u00e1rio e acess\u00f3rios (-7,4%), m\u00e1quinas e equipamentos (-2,7%) e produtos farmacoqu\u00edmicos e farmac\u00eauticos (-4,9%).<\/p>\n<p>Fonte: Ag\u00eancia Brasil<\/p>\n","protected":false},"excerpt":{"rendered":"<p>A produ\u00e7\u00e3o industrial brasileira cresceu 0,8% na passagem de julho para agosto. Com a alta, a ind\u00fastria recuperou parte da perda de 0,9% acumulada de maio a julho. O dado \u00e9 da Pesquisa Industrial Mensal, divulgada na ter\u00e7a-feira (1\u00ba) pelo Instituto Brasileiro de Geografia e Estat\u00edstica (IBGE). Apesar da alta na compara\u00e7\u00e3o com julho, a [&hellip;]<\/p>\n","protected":false},"author":96,"featured_media":144384,"comment_status":"closed","ping_status":"closed","sticky":false,"template":"","format":"standard","meta":{"footnotes":""},"categories":[436,261,439],"tags":[],"class_list":["post-148885","post","type-post","status-publish","format-standard","has-post-thumbnail","hentry","category-destaque-da-semana","category-economia","category-ultima-hora"],"_links":{"self":[{"href":"https:\/\/diarioregionaldigital.com.br\/index.php?rest_route=\/wp\/v2\/posts\/148885","targetHints":{"allow":["GET"]}}],"collection":[{"href":"https:\/\/diarioregionaldigital.com.br\/index.php?rest_route=\/wp\/v2\/posts"}],"about":[{"href":"https:\/\/diarioregionaldigital.com.br\/index.php?rest_route=\/wp\/v2\/types\/post"}],"author":[{"embeddable":true,"href":"https:\/\/diarioregionaldigital.com.br\/index.php?rest_route=\/wp\/v2\/users\/96"}],"replies":[{"embeddable":true,"href":"https:\/\/diarioregionaldigital.com.br\/index.php?rest_route=%2Fwp%2Fv2%2Fcomments&post=148885"}],"version-history":[{"count":0,"href":"https:\/\/diarioregionaldigital.com.br\/index.php?rest_route=\/wp\/v2\/posts\/148885\/revisions"}],"wp:featuredmedia":[{"embeddable":true,"href":"https:\/\/diarioregionaldigital.com.br\/index.php?rest_route=\/wp\/v2\/media\/144384"}],"wp:attachment":[{"href":"https:\/\/diarioregionaldigital.com.br\/index.php?rest_route=%2Fwp%2Fv2%2Fmedia&parent=148885"}],"wp:term":[{"taxonomy":"category","embeddable":true,"href":"https:\/\/diarioregionaldigital.com.br\/index.php?rest_route=%2Fwp%2Fv2%2Fcategories&post=148885"},{"taxonomy":"post_tag","embeddable":true,"href":"https:\/\/diarioregionaldigital.com.br\/index.php?rest_route=%2Fwp%2Fv2%2Ftags&post=148885"}],"curies":[{"name":"wp","href":"https:\/\/api.w.org\/{rel}","templated":true}]}}