{"id":148690,"date":"2019-10-01T06:00:03","date_gmt":"2019-10-01T09:00:03","guid":{"rendered":"https:\/\/diarioregionaldigital.com.br\/?p=148690"},"modified":"2019-09-30T18:58:13","modified_gmt":"2019-09-30T21:58:13","slug":"prefeitura-municipal-de-tocantins-processo-no-005-01-10-19","status":"publish","type":"post","link":"https:\/\/diarioregionaldigital.com.br\/?p=148690","title":{"rendered":"Prefeitura Municipal de Tocantins &#8211; Processo n\u00ba 005 &#8211; 01\/10\/19"},"content":{"rendered":"<p style=\"text-align: center;\"><strong>PREFEITURA MUNICIPAL DE TOCANTINS\/MG<\/strong><\/p>\n<p style=\"text-align: center;\"><strong>RETIFICA\u00c7\u00c3O DE HOMOLOGA\u00c7\u00c3O<\/strong><\/p>\n<p style=\"text-align: center;\"><strong>Processo n\u00b0 005\/2019<\/strong><\/p>\n<p style=\"text-align: center;\"><strong>Preg\u00e3o Presencial n\u00b0 004\/2019<\/strong><\/p>\n<p><strong>Objeto:\u00a0<\/strong>A aquisi\u00e7\u00e3o de um ve\u00edculo tipo Caminh\u00e3o Basculante, 0KM (primeiro emplacamento), com descri\u00e7\u00f5es no termo de refer\u00eancia t\u00e9cnica, para atender \u00e0s necessidades da Secretaria Municipal de Obras, conforme termo de refer\u00eancia e proposta n\u00ba 877661\/2018, proveniente da Emenda Parlamentar Federal.<\/p>\n<p><strong>Homologa\u00e7\u00e3o<\/strong><\/p>\n<p>Tendo sido reconhecido erro material no lan\u00e7amento do CNPJ da contratada, o Prefeito Municipal de Tocantins, Estado de Minas Gerais, no uso de suas atribui\u00e7\u00f5es legais, RESOLVE: Com fundamento no art. 43 da Lei n\u00ba 8.666\/93 e posteriores altera\u00e7\u00f5es, e conforme o que consta do Processo n\u00ba 005\/2019, RETIFICAR A HOMOLOGA\u00c7\u00c3O do procedimento licitat\u00f3rio na modalidade preg\u00e3o presencial n\u00ba 004\/2019, tipo menor pre\u00e7o global, cujo objeto \u00e9 A AQUISI\u00c7\u00c3O DE UM VE\u00cdCULO TIPO CAMINH\u00c3O BASCULANTE, 0KM (PRIMEIRO EMPLACAMENTO), COM DESCRI\u00c7\u00d5ES NO TERMO DE REFER\u00caNCIA T\u00c9CNICA, PARA ATENDER \u00c0S NECESSIDADES DA SECRETARIA MUNICIPAL DE OBRAS que teve como vencedor o licitante DEVA VE\u00cdCULOS LTDA, segundo mapa de apura\u00e7\u00e3o, para que produza seus efeitos legais.<\/p>\n<p style=\"text-align: center;\"><strong>DEVA VEICULOS LTDA \u2013 CNPJ: 23.762.552\/0003-02<\/strong><\/p>\n<p style=\"text-align: center;\">Valor Total de R$ 245.000,00 (duzentos e quarenta e cinco mil reais)<\/p>\n<p style=\"text-align: center;\">TOCANTINS, 25 de Setembro de 2019.<\/p>\n<p style=\"text-align: center;\">IEDER WASHINGTON DE OLIVEIRA<\/p>\n<p style=\"text-align: center;\">PREFEITO MUNICIPAL<\/p>\n","protected":false},"excerpt":{"rendered":"<p>PREFEITURA MUNICIPAL DE TOCANTINS\/MG RETIFICA\u00c7\u00c3O DE HOMOLOGA\u00c7\u00c3O Processo n\u00b0 005\/2019 Preg\u00e3o Presencial n\u00b0 004\/2019 Objeto:\u00a0A aquisi\u00e7\u00e3o de um ve\u00edculo tipo Caminh\u00e3o Basculante, 0KM (primeiro emplacamento), com descri\u00e7\u00f5es no termo de refer\u00eancia t\u00e9cnica, para atender \u00e0s necessidades da Secretaria Municipal de Obras, conforme termo de refer\u00eancia e proposta n\u00ba 877661\/2018, proveniente da Emenda Parlamentar Federal. Homologa\u00e7\u00e3o [&hellip;]<\/p>\n","protected":false},"author":96,"featured_media":0,"comment_status":"closed","ping_status":"closed","sticky":false,"template":"","format":"standard","meta":{"footnotes":""},"categories":[307],"tags":[],"class_list":["post-148690","post","type-post","status-publish","format-standard","hentry","category-editais"],"_links":{"self":[{"href":"https:\/\/diarioregionaldigital.com.br\/index.php?rest_route=\/wp\/v2\/posts\/148690","targetHints":{"allow":["GET"]}}],"collection":[{"href":"https:\/\/diarioregionaldigital.com.br\/index.php?rest_route=\/wp\/v2\/posts"}],"about":[{"href":"https:\/\/diarioregionaldigital.com.br\/index.php?rest_route=\/wp\/v2\/types\/post"}],"author":[{"embeddable":true,"href":"https:\/\/diarioregionaldigital.com.br\/index.php?rest_route=\/wp\/v2\/users\/96"}],"replies":[{"embeddable":true,"href":"https:\/\/diarioregionaldigital.com.br\/index.php?rest_route=%2Fwp%2Fv2%2Fcomments&post=148690"}],"version-history":[{"count":0,"href":"https:\/\/diarioregionaldigital.com.br\/index.php?rest_route=\/wp\/v2\/posts\/148690\/revisions"}],"wp:attachment":[{"href":"https:\/\/diarioregionaldigital.com.br\/index.php?rest_route=%2Fwp%2Fv2%2Fmedia&parent=148690"}],"wp:term":[{"taxonomy":"category","embeddable":true,"href":"https:\/\/diarioregionaldigital.com.br\/index.php?rest_route=%2Fwp%2Fv2%2Fcategories&post=148690"},{"taxonomy":"post_tag","embeddable":true,"href":"https:\/\/diarioregionaldigital.com.br\/index.php?rest_route=%2Fwp%2Fv2%2Ftags&post=148690"}],"curies":[{"name":"wp","href":"https:\/\/api.w.org\/{rel}","templated":true}]}}