{"id":148688,"date":"2019-10-01T06:00:36","date_gmt":"2019-10-01T09:00:36","guid":{"rendered":"https:\/\/diarioregionaldigital.com.br\/?p=148688"},"modified":"2019-09-30T18:56:52","modified_gmt":"2019-09-30T21:56:52","slug":"condominio-do-ed-solar-augusto-dos-anjos-01-10-19","status":"publish","type":"post","link":"https:\/\/diarioregionaldigital.com.br\/?p=148688","title":{"rendered":"Condom\u00ednio do Ed.Solar Augusto dos Anjos &#8211; 01\/10\/19"},"content":{"rendered":"<p style=\"text-align: center;\"><strong>CONDOM\u00cdNIO DO ED.SOLAR AUGUSTO DOS ANJOS<\/strong><\/p>\n<p style=\"text-align: center;\"><strong>Ref.: EDITAL DE CONVOCA\u00c7\u00c3O <\/strong><\/p>\n<p style=\"text-align: center;\"><strong>ASSEMBLEIA GERAL EXTRAORDIN\u00c1RIA<\/strong><\/p>\n<p style=\"text-align: center;\"><strong>Publicado no Jornal Di\u00e1rio Regional no dia 01.10.19<\/strong><\/p>\n<p>Prezados Senhores,<\/p>\n<p>Na qualidade de S\u00edndica deste Condom\u00ednio, sirvo-me da presente para convocar V.Sas. para participarem da Assembleia Geral Extraordin\u00e1ria, a realizar-se no pr\u00f3ximo dia <strong>16 de outubro de 2019<\/strong> (quarta-feira), naGARAGEM do pr\u00f3prio pr\u00e9dio, \u00e0s <strong><u>19:00 horas<\/u><\/strong> em primeira convoca\u00e7\u00e3o, contando com a presen\u00e7a de pelo menos metade dos votos totais, ou \u00e0s <strong><u>19:30 horas<\/u><\/strong> em segunda convoca\u00e7\u00e3o, no mesmo dia e local, com qualquer n\u00famero de presentes, (salvo qu\u00f3rum especial exigido por lei ou pela Conven\u00e7\u00e3o), para deliberarem sobre a seguinte ORDEM DO DIA:<\/p>\n<ul>\n<li><strong>Apresenta\u00e7\u00e3o da an\u00e1lisecont\u00e1bil do condom\u00ednio;<\/strong><\/li>\n<li><strong>An\u00e1lise e defini\u00e7\u00e3osobre a forma de gest\u00e3o do Condom\u00ednio;<\/strong><\/li>\n<li><strong>Defini\u00e7\u00e3o sobre a forma de recebimento(boleto) das taxas de condom\u00ednio;<\/strong><\/li>\n<li><strong>Defini\u00e7\u00e3o do valor do pr\u00f3-labore do s\u00edndico;<\/strong><\/li>\n<li><strong>Defini\u00e7\u00e3o do valor do pr\u00f3-labore do subs\u00edndico;<\/strong><\/li>\n<li><strong>Amplia\u00e7\u00e3onasmodalidades de convoca\u00e7\u00e3oparaAssembleias;<\/strong><\/li>\n<li><strong>Assuntosgerais do interesse de todos.<\/strong><\/li>\n<\/ul>\n<p><u>Observa\u00e7\u00f5es:<\/u><\/p>\n<p>* \u00c9 l\u00edcito aos senhores cond\u00f4minos se fazerem representar na Assembleia ora convocada por procuradores, munidos com procura\u00e7\u00f5es espec\u00edficas (Lei 10.406\/02, art. 653 e 654).<\/p>\n<p>* As aus\u00eancias dos senhores cond\u00f4minos n\u00e3o os desobrigam de aceitarem como t\u00e1cita, a concord\u00e2ncia aos assuntos que forem tratados e deliberados.<\/p>\n<p>* N\u00e3o poder\u00e3o tomar parte nem deliberar, nem votar ou ser votado nas assembleias os cond\u00f4minos que n\u00e3o tenham previamente quitado as cotas que lhe caibam nas despesas comuns, sendo nulos os seus votos e nulas suas presen\u00e7as. (Conven\u00e7\u00e3o de Condom\u00ednio, art. 12 e Lei 10.406\/02, art. 1.335-III)<\/p>\n<p style=\"text-align: center;\">Juiz de Fora, 30 de setembrode 2019.<\/p>\n<p style=\"text-align: center;\">Cordialmente,<\/p>\n<p style=\"text-align: center;\">Condom\u00ednio do Edif\u00edcio Solar Augusto dos Anjos<\/p>\n","protected":false},"excerpt":{"rendered":"<p>CONDOM\u00cdNIO DO ED.SOLAR AUGUSTO DOS ANJOS Ref.: EDITAL DE CONVOCA\u00c7\u00c3O ASSEMBLEIA GERAL EXTRAORDIN\u00c1RIA Publicado no Jornal Di\u00e1rio Regional no dia 01.10.19 Prezados Senhores, Na qualidade de S\u00edndica deste Condom\u00ednio, sirvo-me da presente para convocar V.Sas. para participarem da Assembleia Geral Extraordin\u00e1ria, a realizar-se no pr\u00f3ximo dia 16 de outubro de 2019 (quarta-feira), naGARAGEM do pr\u00f3prio [&hellip;]<\/p>\n","protected":false},"author":96,"featured_media":0,"comment_status":"closed","ping_status":"closed","sticky":false,"template":"","format":"standard","meta":{"footnotes":""},"categories":[307],"tags":[],"class_list":["post-148688","post","type-post","status-publish","format-standard","hentry","category-editais"],"_links":{"self":[{"href":"https:\/\/diarioregionaldigital.com.br\/index.php?rest_route=\/wp\/v2\/posts\/148688","targetHints":{"allow":["GET"]}}],"collection":[{"href":"https:\/\/diarioregionaldigital.com.br\/index.php?rest_route=\/wp\/v2\/posts"}],"about":[{"href":"https:\/\/diarioregionaldigital.com.br\/index.php?rest_route=\/wp\/v2\/types\/post"}],"author":[{"embeddable":true,"href":"https:\/\/diarioregionaldigital.com.br\/index.php?rest_route=\/wp\/v2\/users\/96"}],"replies":[{"embeddable":true,"href":"https:\/\/diarioregionaldigital.com.br\/index.php?rest_route=%2Fwp%2Fv2%2Fcomments&post=148688"}],"version-history":[{"count":0,"href":"https:\/\/diarioregionaldigital.com.br\/index.php?rest_route=\/wp\/v2\/posts\/148688\/revisions"}],"wp:attachment":[{"href":"https:\/\/diarioregionaldigital.com.br\/index.php?rest_route=%2Fwp%2Fv2%2Fmedia&parent=148688"}],"wp:term":[{"taxonomy":"category","embeddable":true,"href":"https:\/\/diarioregionaldigital.com.br\/index.php?rest_route=%2Fwp%2Fv2%2Fcategories&post=148688"},{"taxonomy":"post_tag","embeddable":true,"href":"https:\/\/diarioregionaldigital.com.br\/index.php?rest_route=%2Fwp%2Fv2%2Ftags&post=148688"}],"curies":[{"name":"wp","href":"https:\/\/api.w.org\/{rel}","templated":true}]}}