{"id":148682,"date":"2019-10-01T06:00:38","date_gmt":"2019-10-01T09:00:38","guid":{"rendered":"https:\/\/diarioregionaldigital.com.br\/?p=148682"},"modified":"2019-10-02T19:18:42","modified_gmt":"2019-10-02T22:18:42","slug":"moda-show-11","status":"publish","type":"post","link":"https:\/\/diarioregionaldigital.com.br\/?p=148682","title":{"rendered":"Moda Show"},"content":{"rendered":"<p style=\"text-align: center;\"><strong>Leitura<\/strong><\/p>\n<p style=\"text-align: center;\">Olha s\u00f3: a repercuss\u00e3o da Bienal do Rio de Janeiro n\u00e3o se refletiu em n\u00fameros para o mercado editorial. A queda no volume de livros na 1\u00aa quinzena de setembro foi 99% ante o mesmo per\u00edodo de 2018, segundo dados in\u00e9ditos do Snel\/Nielsen. Para este colunista, percentuais bastantes expressivos.<\/p>\n<p style=\"text-align: center;\"><strong>N\u00e9ctar dos Deuses<\/strong><\/p>\n<p style=\"text-align: center;\">Agendando para 3 de outubro no Trade Hotel, o jantar harmonizado MasterClass &#8211; Vinhos Brasileiros. As vin\u00edcolas Casa Valduga, Miolo, Pizzaro e L\u00eddio Carraro marcar\u00e3o presen\u00e7a e o en\u00f3filo e ex-presidente da ABS\/MG, Inim\u00e1 Souza, far\u00e1 degusta\u00e7\u00e3o de vinhos \u00edcones do Vale dos Vinhedos. Convidando este colunista, Euler Santiago.<\/p>\n<p style=\"text-align: center;\"><strong>Document\u00e1rio<\/strong><\/p>\n<p style=\"text-align: center;\">A Netflix escolheu o pol\u00eamico \u201cDemocracia em vertigem\u201d, de Petra Costa, como um dos tr\u00eas document\u00e1rios globais em que apostar\u00e1 a fim de faz\u00ea-los integrar a lista dos cinco que concorrer\u00e3o ao Oscar 2020 da categoria. Apostar neste caso significa um investimento maci\u00e7o em marketing e um lobby de peso junto aos votantes.<\/p>\n<p style=\"text-align: center;\"><strong>Moda Show <\/strong><\/p>\n<p style=\"text-align: center;\">Tendo como cen\u00e1rio o Bar do Haras, no Bairro Retiro, Braz Oliveira recebe no dia 19 de outubro, \u00e0s 11h18, para o evento Trof\u00e9u Country Magazine, em sua 18\u00ba edi\u00e7\u00e3o. Haver\u00e1 feira rural, desfile de moda country, escolha do casal country, entrega dos trof\u00e9us, parque de divers\u00e3o infantil, touro mec\u00e2nico e o tom musical de Gu Borges e Luciana Motta.<\/p>\n<div id=\"attachment_148646\" style=\"width: 690px\" class=\"wp-caption aligncenter\"><img loading=\"lazy\" decoding=\"async\" aria-describedby=\"caption-attachment-148646\" class=\"wp-image-148646\" src=\"https:\/\/diarioregionaldigital.com.br\/wp-content\/uploads\/2019\/09\/fotoa-20.jpg\" alt=\"\" width=\"680\" height=\"456\" srcset=\"https:\/\/diarioregionaldigital.com.br\/wp-content\/uploads\/2019\/09\/fotoa-20.jpg 1752w, https:\/\/diarioregionaldigital.com.br\/wp-content\/uploads\/2019\/09\/fotoa-20-300x201.jpg 300w, https:\/\/diarioregionaldigital.com.br\/wp-content\/uploads\/2019\/09\/fotoa-20-768x516.jpg 768w, https:\/\/diarioregionaldigital.com.br\/wp-content\/uploads\/2019\/09\/fotoa-20-1024x687.jpg 1024w, https:\/\/diarioregionaldigital.com.br\/wp-content\/uploads\/2019\/09\/fotoa-20-360x242.jpg 360w\" sizes=\"auto, (max-width: 680px) 100vw, 680px\" \/><p id=\"caption-attachment-148646\" class=\"wp-caption-text\">O jovem flamenguista Felipe Nogueira festejou anivers\u00e1rio com familiares e amigos no Public<\/p><\/div>\n<div id=\"attachment_148647\" style=\"width: 690px\" class=\"wp-caption aligncenter\"><img loading=\"lazy\" decoding=\"async\" aria-describedby=\"caption-attachment-148647\" class=\"wp-image-148647\" src=\"https:\/\/diarioregionaldigital.com.br\/wp-content\/uploads\/2019\/09\/fotoaa-7-e1569875771825.jpg\" alt=\"\" width=\"680\" height=\"479\" srcset=\"https:\/\/diarioregionaldigital.com.br\/wp-content\/uploads\/2019\/09\/fotoaa-7-e1569875771825.jpg 640w, https:\/\/diarioregionaldigital.com.br\/wp-content\/uploads\/2019\/09\/fotoaa-7-e1569875771825-300x210.jpg 300w, https:\/\/diarioregionaldigital.com.br\/wp-content\/uploads\/2019\/09\/fotoaa-7-e1569875771825-360x254.jpg 360w, https:\/\/diarioregionaldigital.com.br\/wp-content\/uploads\/2019\/09\/fotoaa-7-e1569875771825-100x70.jpg 100w\" sizes=\"auto, (max-width: 680px) 100vw, 680px\" \/><p id=\"caption-attachment-148647\" class=\"wp-caption-text\">A nova Rainha da Primavera ASE 2019 a linda Emilainy Werneck<\/p><\/div>\n<div id=\"attachment_148648\" style=\"width: 690px\" class=\"wp-caption aligncenter\"><img loading=\"lazy\" decoding=\"async\" aria-describedby=\"caption-attachment-148648\" class=\"wp-image-148648\" src=\"https:\/\/diarioregionaldigital.com.br\/wp-content\/uploads\/2019\/09\/fotob-19-e1569876662996.jpg\" alt=\"\" width=\"680\" height=\"521\" srcset=\"https:\/\/diarioregionaldigital.com.br\/wp-content\/uploads\/2019\/09\/fotob-19-e1569876662996.jpg 1179w, https:\/\/diarioregionaldigital.com.br\/wp-content\/uploads\/2019\/09\/fotob-19-e1569876662996-300x230.jpg 300w, https:\/\/diarioregionaldigital.com.br\/wp-content\/uploads\/2019\/09\/fotob-19-e1569876662996-768x589.jpg 768w, https:\/\/diarioregionaldigital.com.br\/wp-content\/uploads\/2019\/09\/fotob-19-e1569876662996-1024x785.jpg 1024w, https:\/\/diarioregionaldigital.com.br\/wp-content\/uploads\/2019\/09\/fotob-19-e1569876662996-360x276.jpg 360w\" sizes=\"auto, (max-width: 680px) 100vw, 680px\" \/><p id=\"caption-attachment-148648\" class=\"wp-caption-text\">Um close no talento de Thales T\u00e1cito, da Banda Santorini<\/p><\/div>\n<div id=\"attachment_148649\" style=\"width: 690px\" class=\"wp-caption aligncenter\"><img loading=\"lazy\" decoding=\"async\" aria-describedby=\"caption-attachment-148649\" class=\"wp-image-148649\" src=\"https:\/\/diarioregionaldigital.com.br\/wp-content\/uploads\/2019\/09\/fotobb-6.jpg\" alt=\"\" width=\"680\" height=\"482\" srcset=\"https:\/\/diarioregionaldigital.com.br\/wp-content\/uploads\/2019\/09\/fotobb-6.jpg 960w, https:\/\/diarioregionaldigital.com.br\/wp-content\/uploads\/2019\/09\/fotobb-6-300x213.jpg 300w, https:\/\/diarioregionaldigital.com.br\/wp-content\/uploads\/2019\/09\/fotobb-6-768x545.jpg 768w, https:\/\/diarioregionaldigital.com.br\/wp-content\/uploads\/2019\/09\/fotobb-6-750x530.jpg 750w, https:\/\/diarioregionaldigital.com.br\/wp-content\/uploads\/2019\/09\/fotobb-6-360x255.jpg 360w, https:\/\/diarioregionaldigital.com.br\/wp-content\/uploads\/2019\/09\/fotobb-6-100x70.jpg 100w\" sizes=\"auto, (max-width: 680px) 100vw, 680px\" \/><p id=\"caption-attachment-148649\" class=\"wp-caption-text\">No Trade Hotel recebendo o Selo de Qualidade Unimed pela Cl\u00ednica Pro Sport, os l\u00edderes M\u00e1rcio Heleno Lopes, Helio F\u00e1del e Marcus Abreu<\/p><\/div>\n<div id=\"attachment_148651\" style=\"width: 690px\" class=\"wp-caption aligncenter\"><img loading=\"lazy\" decoding=\"async\" aria-describedby=\"caption-attachment-148651\" class=\"wp-image-148651\" src=\"https:\/\/diarioregionaldigital.com.br\/wp-content\/uploads\/2019\/09\/fotod-17.jpg\" alt=\"\" width=\"680\" height=\"435\" srcset=\"https:\/\/diarioregionaldigital.com.br\/wp-content\/uploads\/2019\/09\/fotod-17.jpg 1782w, https:\/\/diarioregionaldigital.com.br\/wp-content\/uploads\/2019\/09\/fotod-17-300x192.jpg 300w, https:\/\/diarioregionaldigital.com.br\/wp-content\/uploads\/2019\/09\/fotod-17-768x491.jpg 768w, https:\/\/diarioregionaldigital.com.br\/wp-content\/uploads\/2019\/09\/fotod-17-1024x655.jpg 1024w, https:\/\/diarioregionaldigital.com.br\/wp-content\/uploads\/2019\/09\/fotod-17-360x230.jpg 360w\" sizes=\"auto, (max-width: 680px) 100vw, 680px\" \/><p id=\"caption-attachment-148651\" class=\"wp-caption-text\">A deslumbrante Meire Milhomens com os filhos, Luis Carlos e Vitoria Milhomens em noite de gala<\/p><\/div>\n<div id=\"attachment_148654\" style=\"width: 690px\" class=\"wp-caption aligncenter\"><img loading=\"lazy\" decoding=\"async\" aria-describedby=\"caption-attachment-148654\" class=\"wp-image-148654\" src=\"https:\/\/diarioregionaldigital.com.br\/wp-content\/uploads\/2019\/09\/fotof-19.jpg\" alt=\"\" width=\"680\" height=\"451\" srcset=\"https:\/\/diarioregionaldigital.com.br\/wp-content\/uploads\/2019\/09\/fotof-19.jpg 1764w, https:\/\/diarioregionaldigital.com.br\/wp-content\/uploads\/2019\/09\/fotof-19-300x199.jpg 300w, https:\/\/diarioregionaldigital.com.br\/wp-content\/uploads\/2019\/09\/fotof-19-768x509.jpg 768w, https:\/\/diarioregionaldigital.com.br\/wp-content\/uploads\/2019\/09\/fotof-19-1024x679.jpg 1024w, https:\/\/diarioregionaldigital.com.br\/wp-content\/uploads\/2019\/09\/fotof-19-360x239.jpg 360w\" sizes=\"auto, (max-width: 680px) 100vw, 680px\" \/><p id=\"caption-attachment-148654\" class=\"wp-caption-text\">Em ritmo r\u00fastico o brinde do empres\u00e1rio Adauto Elias Coelho<\/p><\/div>\n<div id=\"attachment_148655\" style=\"width: 690px\" class=\"wp-caption aligncenter\"><img loading=\"lazy\" decoding=\"async\" aria-describedby=\"caption-attachment-148655\" class=\"wp-image-148655\" src=\"https:\/\/diarioregionaldigital.com.br\/wp-content\/uploads\/2019\/09\/fotog-20.jpg\" alt=\"\" width=\"680\" height=\"677\" srcset=\"https:\/\/diarioregionaldigital.com.br\/wp-content\/uploads\/2019\/09\/fotog-20.jpg 1182w, https:\/\/diarioregionaldigital.com.br\/wp-content\/uploads\/2019\/09\/fotog-20-150x150.jpg 150w, https:\/\/diarioregionaldigital.com.br\/wp-content\/uploads\/2019\/09\/fotog-20-300x300.jpg 300w, https:\/\/diarioregionaldigital.com.br\/wp-content\/uploads\/2019\/09\/fotog-20-768x764.jpg 768w, https:\/\/diarioregionaldigital.com.br\/wp-content\/uploads\/2019\/09\/fotog-20-1024x1019.jpg 1024w, https:\/\/diarioregionaldigital.com.br\/wp-content\/uploads\/2019\/09\/fotog-20-180x180.jpg 180w, https:\/\/diarioregionaldigital.com.br\/wp-content\/uploads\/2019\/09\/fotog-20-120x120.jpg 120w, https:\/\/diarioregionaldigital.com.br\/wp-content\/uploads\/2019\/09\/fotog-20-360x358.jpg 360w, https:\/\/diarioregionaldigital.com.br\/wp-content\/uploads\/2019\/09\/fotog-20-80x80.jpg 80w\" sizes=\"auto, (max-width: 680px) 100vw, 680px\" \/><p id=\"caption-attachment-148655\" class=\"wp-caption-text\">No \u201cjuntos somos mais fortes\u201d, Simone Zaka Tostes e Alexandre Tostes e os filhos Yasmin e Igor<\/p><\/div>\n<div id=\"attachment_148656\" style=\"width: 690px\" class=\"wp-caption aligncenter\"><img loading=\"lazy\" decoding=\"async\" aria-describedby=\"caption-attachment-148656\" class=\"wp-image-148656\" src=\"https:\/\/diarioregionaldigital.com.br\/wp-content\/uploads\/2019\/09\/fotoh-19.jpg\" alt=\"\" width=\"680\" height=\"449\" srcset=\"https:\/\/diarioregionaldigital.com.br\/wp-content\/uploads\/2019\/09\/fotoh-19.jpg 1764w, https:\/\/diarioregionaldigital.com.br\/wp-content\/uploads\/2019\/09\/fotoh-19-300x198.jpg 300w, https:\/\/diarioregionaldigital.com.br\/wp-content\/uploads\/2019\/09\/fotoh-19-768x507.jpg 768w, https:\/\/diarioregionaldigital.com.br\/wp-content\/uploads\/2019\/09\/fotoh-19-1024x676.jpg 1024w, https:\/\/diarioregionaldigital.com.br\/wp-content\/uploads\/2019\/09\/fotoh-19-1440x950.jpg 1440w, https:\/\/diarioregionaldigital.com.br\/wp-content\/uploads\/2019\/09\/fotoh-19-360x238.jpg 360w\" sizes=\"auto, (max-width: 680px) 100vw, 680px\" \/><p id=\"caption-attachment-148656\" class=\"wp-caption-text\">Artistas pl\u00e1sticos do mil\u00eanio no CCBM, Gerson Guedes e Iri\u00ea Salom\u00e3o de Campos<\/p><\/div>\n<div id=\"attachment_148657\" style=\"width: 690px\" class=\"wp-caption aligncenter\"><img loading=\"lazy\" decoding=\"async\" aria-describedby=\"caption-attachment-148657\" class=\"wp-image-148657\" src=\"https:\/\/diarioregionaldigital.com.br\/wp-content\/uploads\/2019\/09\/fotoi-19.jpg\" alt=\"\" width=\"680\" height=\"451\" srcset=\"https:\/\/diarioregionaldigital.com.br\/wp-content\/uploads\/2019\/09\/fotoi-19.jpg 1764w, https:\/\/diarioregionaldigital.com.br\/wp-content\/uploads\/2019\/09\/fotoi-19-300x199.jpg 300w, https:\/\/diarioregionaldigital.com.br\/wp-content\/uploads\/2019\/09\/fotoi-19-768x509.jpg 768w, https:\/\/diarioregionaldigital.com.br\/wp-content\/uploads\/2019\/09\/fotoi-19-1024x679.jpg 1024w, https:\/\/diarioregionaldigital.com.br\/wp-content\/uploads\/2019\/09\/fotoi-19-360x239.jpg 360w\" sizes=\"auto, (max-width: 680px) 100vw, 680px\" \/><p id=\"caption-attachment-148657\" class=\"wp-caption-text\">Na reinaugura\u00e7\u00e3o da MultSa\u00fade na Galeria do Z\u00e9 Kodak, 2\u00ba piso, Iracir Machado, Karina Oliveira e Marcelle Oliveira (presidente)<\/p><\/div>\n<div id=\"attachment_148658\" style=\"width: 690px\" class=\"wp-caption aligncenter\"><img loading=\"lazy\" decoding=\"async\" aria-describedby=\"caption-attachment-148658\" class=\"wp-image-148658\" src=\"https:\/\/diarioregionaldigital.com.br\/wp-content\/uploads\/2019\/09\/fotoj-18.jpg\" alt=\"\" width=\"680\" height=\"453\" srcset=\"https:\/\/diarioregionaldigital.com.br\/wp-content\/uploads\/2019\/09\/fotoj-18.jpg 1764w, https:\/\/diarioregionaldigital.com.br\/wp-content\/uploads\/2019\/09\/fotoj-18-300x200.jpg 300w, https:\/\/diarioregionaldigital.com.br\/wp-content\/uploads\/2019\/09\/fotoj-18-768x512.jpg 768w, https:\/\/diarioregionaldigital.com.br\/wp-content\/uploads\/2019\/09\/fotoj-18-1024x683.jpg 1024w, https:\/\/diarioregionaldigital.com.br\/wp-content\/uploads\/2019\/09\/fotoj-18-360x240.jpg 360w\" sizes=\"auto, (max-width: 680px) 100vw, 680px\" \/><p id=\"caption-attachment-148658\" class=\"wp-caption-text\">No Terrazzo na festa WelComeQuieto, Fernanda Galloletti, Adriana Giacomini, Carolina Mazzeo e Rebeca Felini<\/p><\/div>\n<p style=\"text-align: center;\"><strong>FOTOSS\u00cdNTESE<\/strong><\/p>\n<p>Contagem regressiva para a comemora\u00e7\u00e3o dos 31 anos de colunismo do titular desta p\u00e1gina. Ser\u00e1 dia 8 de outubro, \u00e0s 20h, no terra\u00e7o do Trade Hotel com a homenagem aos \u201cMelhores de 2019\u201d. Uma noite que vai ficar na hist\u00f3ria de Juiz de Fora.<\/p>\n<p>A C\u00e2mara Municipal e a Prefeitura de Juiz de Fora, em a\u00e7\u00e3o conjunta, lan\u00e7aram, no Teatro Paschoal Carlos Magno, a Frente Mista de Combate e Enfrentamento da Dengue.<\/p>\n<p>Nomes catalogados de Juiz de Fora j\u00e1 est\u00e3o sendo apontados como prov\u00e1veis candidatos \u00e0 Prefeitura e a C\u00e2mara. Pelo andar da carruagem, parece que a disputa ser\u00e1 acirrad\u00edssima. Homens e mulheres est\u00e3o na pesquisa mais para menos, mais para mais.<\/p>\n<p>Segundo a r\u00e1dio pe\u00e3o, a Prefeitura de Juiz de Fora quer arrecadar R$ 37,8 milh\u00f5es com a nova \u201clei da Anistia\u201d, caso seja aprovada pela C\u00e2mara.<\/p>\n<p>A juiz-forana Juliana Scher venceu a prova do Ironman 70.3 na categoria 25-29 anos, conquistou vaga no Ironman 70.3 World Championship 2020, que ser\u00e1 realizado em Taupo, Nova Zel\u00e2ndia, em novembro do ano que vem.<\/p>\n<p>M\u00e1rcio Castro e Juliana Marques com David Pires e Jane Gon\u00e7alves marcaram presen\u00e7a na palestra \u201cAmaz\u00f4nia e os interesses econ\u00f4micos e pol\u00edticos\u201d realizado na Sindicato dos Banc\u00e1rios.<\/p>\n<p>A cantora Ana Carolina vem a\u00ed. Dia 22 de novembro no Theatro Central. Produ\u00e7\u00e3o da N\u00f4made.<\/p>\n<p>Para irradiar: \u201cAviso aos navegantes: n\u00e3o me d\u00ea aten\u00e7\u00e3o. Eu venho de outro planeta. Eu sempre vejo horizontes onde voc\u00ea se desenha limites\u201d. (Frida Kahlo). Bom dia.<\/p>\n<p><img loading=\"lazy\" decoding=\"async\" class=\"aligncenter size-full wp-image-148172\" src=\"https:\/\/diarioregionaldigital.com.br\/wp-content\/uploads\/2019\/09\/arte-coluna-social-2-NOVO.png\" alt=\"\" width=\"3508\" height=\"709\" srcset=\"https:\/\/diarioregionaldigital.com.br\/wp-content\/uploads\/2019\/09\/arte-coluna-social-2-NOVO.png 3508w, https:\/\/diarioregionaldigital.com.br\/wp-content\/uploads\/2019\/09\/arte-coluna-social-2-NOVO-300x61.png 300w, https:\/\/diarioregionaldigital.com.br\/wp-content\/uploads\/2019\/09\/arte-coluna-social-2-NOVO-768x155.png 768w, https:\/\/diarioregionaldigital.com.br\/wp-content\/uploads\/2019\/09\/arte-coluna-social-2-NOVO-1024x207.png 1024w, https:\/\/diarioregionaldigital.com.br\/wp-content\/uploads\/2019\/09\/arte-coluna-social-2-NOVO-360x73.png 360w\" sizes=\"auto, (max-width: 3508px) 100vw, 3508px\" \/><\/p>\n","protected":false},"excerpt":{"rendered":"<p>Leitura Olha s\u00f3: a repercuss\u00e3o da Bienal do Rio de Janeiro n\u00e3o se refletiu em n\u00fameros para o mercado editorial. A queda no volume de livros na 1\u00aa quinzena de setembro foi 99% ante o mesmo per\u00edodo de 2018, segundo dados in\u00e9ditos do Snel\/Nielsen. Para este colunista, percentuais bastantes expressivos. N\u00e9ctar dos Deuses Agendando para [&hellip;]<\/p>\n","protected":false},"author":96,"featured_media":148646,"comment_status":"closed","ping_status":"closed","sticky":false,"template":"","format":"standard","meta":{"footnotes":""},"categories":[264],"tags":[],"class_list":["post-148682","post","type-post","status-publish","format-standard","has-post-thumbnail","hentry","category-eduardo-gomes"],"_links":{"self":[{"href":"https:\/\/diarioregionaldigital.com.br\/index.php?rest_route=\/wp\/v2\/posts\/148682","targetHints":{"allow":["GET"]}}],"collection":[{"href":"https:\/\/diarioregionaldigital.com.br\/index.php?rest_route=\/wp\/v2\/posts"}],"about":[{"href":"https:\/\/diarioregionaldigital.com.br\/index.php?rest_route=\/wp\/v2\/types\/post"}],"author":[{"embeddable":true,"href":"https:\/\/diarioregionaldigital.com.br\/index.php?rest_route=\/wp\/v2\/users\/96"}],"replies":[{"embeddable":true,"href":"https:\/\/diarioregionaldigital.com.br\/index.php?rest_route=%2Fwp%2Fv2%2Fcomments&post=148682"}],"version-history":[{"count":0,"href":"https:\/\/diarioregionaldigital.com.br\/index.php?rest_route=\/wp\/v2\/posts\/148682\/revisions"}],"wp:featuredmedia":[{"embeddable":true,"href":"https:\/\/diarioregionaldigital.com.br\/index.php?rest_route=\/wp\/v2\/media\/148646"}],"wp:attachment":[{"href":"https:\/\/diarioregionaldigital.com.br\/index.php?rest_route=%2Fwp%2Fv2%2Fmedia&parent=148682"}],"wp:term":[{"taxonomy":"category","embeddable":true,"href":"https:\/\/diarioregionaldigital.com.br\/index.php?rest_route=%2Fwp%2Fv2%2Fcategories&post=148682"},{"taxonomy":"post_tag","embeddable":true,"href":"https:\/\/diarioregionaldigital.com.br\/index.php?rest_route=%2Fwp%2Fv2%2Ftags&post=148682"}],"curies":[{"name":"wp","href":"https:\/\/api.w.org\/{rel}","templated":true}]}}