{"id":148676,"date":"2019-09-30T17:41:22","date_gmt":"2019-09-30T20:41:22","guid":{"rendered":"https:\/\/diarioregionaldigital.com.br\/?p=148676"},"modified":"2019-11-30T05:59:06","modified_gmt":"2019-11-30T07:59:06","slug":"in-moda-26","status":"publish","type":"post","link":"https:\/\/diarioregionaldigital.com.br\/?p=148676","title":{"rendered":"In Moda"},"content":{"rendered":"<p>VANS + OUTUBRO ROSA<\/p>\n<p>A Vans ir\u00e1 lan\u00e7ar uma cole\u00e7\u00e3o relacionada ao m\u00eas de conscientiza\u00e7\u00e3o a preven\u00e7\u00e3o do c\u00e2ncer de mama, a inten\u00e7\u00e3o \u00e9 que atrav\u00e9s de ilustra\u00e7\u00f5es as pe\u00e7as retratem a import\u00e2ncia dos exames e tamb\u00e9m exaltem a for\u00e7a daqueles que j\u00e1 foram afetados pela doen\u00e7a. Parte da renda ser\u00e1 revertida para uma institui\u00e7\u00e3o sediada no Reino Unido, onde \u00e9 poss\u00edvel ter o diagn\u00f3stico precoce da doen\u00e7a, a cole\u00e7\u00e3o chega ao Brasil no dia 10 de outubro.<\/p>\n<p>&nbsp;<\/p>\n<p><span style=\"font-size: 24pt;\"><a href=\"https:\/\/diarioregionaldigital.com.br\/wp-content\/uploads\/2019\/09\/diario-pagina-07-16.pdf\">Clique aqui para ler a coluna completa!<\/a><\/span><\/p>\n","protected":false},"excerpt":{"rendered":"<p>VANS + OUTUBRO ROSA A Vans ir\u00e1 lan\u00e7ar uma cole\u00e7\u00e3o relacionada ao m\u00eas de conscientiza\u00e7\u00e3o a preven\u00e7\u00e3o do c\u00e2ncer de mama, a inten\u00e7\u00e3o \u00e9 que atrav\u00e9s de ilustra\u00e7\u00f5es as pe\u00e7as retratem a import\u00e2ncia dos exames e tamb\u00e9m exaltem a for\u00e7a daqueles que j\u00e1 foram afetados pela doen\u00e7a. Parte da renda ser\u00e1 revertida para uma institui\u00e7\u00e3o [&hellip;]<\/p>\n","protected":false},"author":96,"featured_media":148678,"comment_status":"closed","ping_status":"closed","sticky":false,"template":"","format":"standard","meta":{"footnotes":""},"categories":[285],"tags":[],"class_list":["post-148676","post","type-post","status-publish","format-standard","has-post-thumbnail","hentry","category-moda-ana-paula-calixto"],"_links":{"self":[{"href":"https:\/\/diarioregionaldigital.com.br\/index.php?rest_route=\/wp\/v2\/posts\/148676","targetHints":{"allow":["GET"]}}],"collection":[{"href":"https:\/\/diarioregionaldigital.com.br\/index.php?rest_route=\/wp\/v2\/posts"}],"about":[{"href":"https:\/\/diarioregionaldigital.com.br\/index.php?rest_route=\/wp\/v2\/types\/post"}],"author":[{"embeddable":true,"href":"https:\/\/diarioregionaldigital.com.br\/index.php?rest_route=\/wp\/v2\/users\/96"}],"replies":[{"embeddable":true,"href":"https:\/\/diarioregionaldigital.com.br\/index.php?rest_route=%2Fwp%2Fv2%2Fcomments&post=148676"}],"version-history":[{"count":0,"href":"https:\/\/diarioregionaldigital.com.br\/index.php?rest_route=\/wp\/v2\/posts\/148676\/revisions"}],"wp:featuredmedia":[{"embeddable":true,"href":"https:\/\/diarioregionaldigital.com.br\/index.php?rest_route=\/wp\/v2\/media\/148678"}],"wp:attachment":[{"href":"https:\/\/diarioregionaldigital.com.br\/index.php?rest_route=%2Fwp%2Fv2%2Fmedia&parent=148676"}],"wp:term":[{"taxonomy":"category","embeddable":true,"href":"https:\/\/diarioregionaldigital.com.br\/index.php?rest_route=%2Fwp%2Fv2%2Fcategories&post=148676"},{"taxonomy":"post_tag","embeddable":true,"href":"https:\/\/diarioregionaldigital.com.br\/index.php?rest_route=%2Fwp%2Fv2%2Ftags&post=148676"}],"curies":[{"name":"wp","href":"https:\/\/api.w.org\/{rel}","templated":true}]}}