{"id":148674,"date":"2019-09-30T17:52:04","date_gmt":"2019-09-30T20:52:04","guid":{"rendered":"https:\/\/diarioregionaldigital.com.br\/?p=148674"},"modified":"2019-09-30T17:52:04","modified_gmt":"2019-09-30T20:52:04","slug":"secretaria-de-saude-realiza-atividade-de-conscientizacao-contra-a-dengue","status":"publish","type":"post","link":"https:\/\/diarioregionaldigital.com.br\/?p=148674","title":{"rendered":"Secretaria de Sa\u00fade realiza atividade de conscientiza\u00e7\u00e3o contra a dengue"},"content":{"rendered":"<p>Com o objetivo \u00e9 refor\u00e7ar o combate ao mosquito transmissor da dengue, o aedes aegypti, o Setor de Educa\u00e7\u00e3o em Sa\u00fade, da Secretaria de Sa\u00fade (SS) da Prefeitura de Juiz de Fora (PJF) segue realizando atividades na cidade.<\/p>\n<p>Durante esta semana, palestras e exposi\u00e7\u00f5es marcam o in\u00edcio das a\u00e7\u00f5es de conscientiza\u00e7\u00e3o do m\u00eas de outubro, programadas em diferentes institui\u00e7\u00f5es. As a\u00e7\u00f5es seguem at\u00e9 a pr\u00f3xima quinta-feira, 3. Confira a programa\u00e7\u00e3o.<\/p>\n<p>&nbsp;<\/p>\n<p><strong>\u00a0&#8211; Ter\u00e7a-feira, 1\u00ba de outubro:<\/strong><\/p>\n<p><strong>Das 8 \u00e0s 15 horas<\/strong><\/p>\n<p>A\u00e7\u00e3o: palestra sobre dengue e exposi\u00e7\u00e3o de animais pe\u00e7onhentos<\/p>\n<p>Local: E.M. \u201cMenelick de Carvalho\u201d<\/p>\n<p>Avenida Dr. Francisco \u00c1lvares de Assis, 490 \u2013 Retiro<\/p>\n<p><strong>\u00c0s 9 horas<\/strong><\/p>\n<p>A\u00e7\u00e3o: palestra sobre dengue<\/p>\n<p>Local: Centro de Refer\u00eancia de Assist\u00eancia Social (Cras) Olavo Costa<\/p>\n<p>Rua Jacinto Marcelino, 25 &#8211; Vila Olavo Costa<\/p>\n<p><strong>\u00a0<\/strong><\/p>\n<p><strong>\u00a0&#8211; Quarta-feira, 2:<\/strong><\/p>\n<p><strong>\u00a0\u00c0s 14 horas<\/strong><\/p>\n<p>A\u00e7\u00e3o: palestra sobre dengue<\/p>\n<p>Local: Ag\u00eancia Adventista de Desenvolvimento e Recursos Assistenciais (Adra) Olavo Costa<\/p>\n<p>Rua Jacinto Marcelino, 25 &#8211; Vila Olavo Costa<\/p>\n<p><strong>\u00a0<\/strong><\/p>\n<p><strong>&#8211; Quinta-feira, 3.<\/strong><\/p>\n<p><strong>\u00c0s 14 horas<\/strong><\/p>\n<p>A\u00e7\u00e3o: palestra sobre dengue<\/p>\n<p>Local: Centro de Promo\u00e7\u00e3o do Menor (Ceprom) &#8211; Vila Ideal<\/p>\n<p>Avenida Francisco Valadares, 2.745 \u2013 Vila Ideal<\/p>\n<p>&nbsp;<\/p>\n<p>Na segunda-feira, 30, foi realizada uma palestra sobre dengue e exposi\u00e7\u00e3o de animais pe\u00e7onhentos na Escola Municipal (E.M.) \u201cSanta C\u00e2ndida\u201d.\u00a0 Empresas, escolas ou institui\u00e7\u00f5es interessadas em agendar palestras sobre o tema podem enviar o pedido via e-mail (educasaude@pjf.mg.gov.br) ou ligar para o telefone 3690-7534.<\/p>\n","protected":false},"excerpt":{"rendered":"<p>Com o objetivo \u00e9 refor\u00e7ar o combate ao mosquito transmissor da dengue, o aedes aegypti, o Setor de Educa\u00e7\u00e3o em Sa\u00fade, da Secretaria de Sa\u00fade (SS) da Prefeitura de Juiz de Fora (PJF) segue realizando atividades na cidade. Durante esta semana, palestras e exposi\u00e7\u00f5es marcam o in\u00edcio das a\u00e7\u00f5es de conscientiza\u00e7\u00e3o do m\u00eas de outubro, [&hellip;]<\/p>\n","protected":false},"author":96,"featured_media":146714,"comment_status":"closed","ping_status":"closed","sticky":false,"template":"","format":"standard","meta":{"footnotes":""},"categories":[253,436,439],"tags":[],"class_list":["post-148674","post","type-post","status-publish","format-standard","has-post-thumbnail","hentry","category-cidade","category-destaque-da-semana","category-ultima-hora"],"_links":{"self":[{"href":"https:\/\/diarioregionaldigital.com.br\/index.php?rest_route=\/wp\/v2\/posts\/148674","targetHints":{"allow":["GET"]}}],"collection":[{"href":"https:\/\/diarioregionaldigital.com.br\/index.php?rest_route=\/wp\/v2\/posts"}],"about":[{"href":"https:\/\/diarioregionaldigital.com.br\/index.php?rest_route=\/wp\/v2\/types\/post"}],"author":[{"embeddable":true,"href":"https:\/\/diarioregionaldigital.com.br\/index.php?rest_route=\/wp\/v2\/users\/96"}],"replies":[{"embeddable":true,"href":"https:\/\/diarioregionaldigital.com.br\/index.php?rest_route=%2Fwp%2Fv2%2Fcomments&post=148674"}],"version-history":[{"count":0,"href":"https:\/\/diarioregionaldigital.com.br\/index.php?rest_route=\/wp\/v2\/posts\/148674\/revisions"}],"wp:featuredmedia":[{"embeddable":true,"href":"https:\/\/diarioregionaldigital.com.br\/index.php?rest_route=\/wp\/v2\/media\/146714"}],"wp:attachment":[{"href":"https:\/\/diarioregionaldigital.com.br\/index.php?rest_route=%2Fwp%2Fv2%2Fmedia&parent=148674"}],"wp:term":[{"taxonomy":"category","embeddable":true,"href":"https:\/\/diarioregionaldigital.com.br\/index.php?rest_route=%2Fwp%2Fv2%2Fcategories&post=148674"},{"taxonomy":"post_tag","embeddable":true,"href":"https:\/\/diarioregionaldigital.com.br\/index.php?rest_route=%2Fwp%2Fv2%2Ftags&post=148674"}],"curies":[{"name":"wp","href":"https:\/\/api.w.org\/{rel}","templated":true}]}}