{"id":148668,"date":"2019-09-30T17:33:16","date_gmt":"2019-09-30T20:33:16","guid":{"rendered":"https:\/\/diarioregionaldigital.com.br\/?p=148668"},"modified":"2019-09-30T17:33:16","modified_gmt":"2019-09-30T20:33:16","slug":"copa-pjf-bahamas-sel-divulga-resultados-do-final-de-semana","status":"publish","type":"post","link":"https:\/\/diarioregionaldigital.com.br\/?p=148668","title":{"rendered":"Copa PJF\/Bahamas &#8211; SEL divulga resultados do final de semana"},"content":{"rendered":"<p>A sexta rodada de jogos da &#8220;Copa Prefeitura Bahamas de Futebol Amador&#8221; aconteceu neste final de semana, com muita bola na rede. No s\u00e1bado, 28, e no domingo, 29, os campos das comiss\u00f5es de Administra\u00e7\u00e3o de Espa\u00e7os Municipais (Caems) Cer\u00e2mica, Lacet, Polivalente, Linhares, Progresso, S\u00e3o Benedito e o do Esporte Clube Benfica receberam 51 partidas, entre as categorias de base, urbanas e rurais. Foram marcados 119 gols. Para conferir todos os resultados da rodada, basta acessar o endere\u00e7o <a href=\"https:\/\/www.pjf.mg.gov.br\/noticias\/anexo\/copa_bahamas.pdf\">https:\/\/www.pjf.mg.gov.br\/noticias\/anexo\/copa_bahamas.pdf<\/a>.<\/p>\n<p>A maior goleada da rodada ficou na categoria adulta feminina, onde a Universidade Federal de Juiz de Fora (UFJF) goleou o Leoas Indom\u00e1veis por 10 a 0, no campo do Lacet. Destaque para as atletas Anya Vit\u00f3ria Silveira Reink e Camila de Salles Andrade, que marcaram tr\u00eas gols cada.<\/p>\n<p>&nbsp;<\/p>\n<p><strong>A COPA<\/strong><\/p>\n<p>Realiza\u00e7\u00e3o da Secretaria de Esporte e Lazer (SEL), atrav\u00e9s do Departamento de Organiza\u00e7\u00e3o, Promo\u00e7\u00e3o e Execu\u00e7\u00e3o de Eventos de Esporte e Lazer (Dopeel), em parceria com o Grupo Bahamas. O objetivo \u00e9 incentivar a pr\u00e1tica do futebol nas comunidades, promovendo o interc\u00e2mbio desportivo e social entre os diversos segmentos da sociedade. Este ano foram inscritas mais de 150 agremia\u00e7\u00f5es, com 246 equipes, e o atendimento direto e indireto ao longo de toda a competi\u00e7\u00e3o gira em torno de cem mil pessoas, de agosto a dezembro.<\/p>\n<p>Fonte: Assessoria<\/p>\n","protected":false},"excerpt":{"rendered":"<p>A sexta rodada de jogos da &#8220;Copa Prefeitura Bahamas de Futebol Amador&#8221; aconteceu neste final de semana, com muita bola na rede. No s\u00e1bado, 28, e no domingo, 29, os campos das comiss\u00f5es de Administra\u00e7\u00e3o de Espa\u00e7os Municipais (Caems) Cer\u00e2mica, Lacet, Polivalente, Linhares, Progresso, S\u00e3o Benedito e o do Esporte Clube Benfica receberam 51 partidas, [&hellip;]<\/p>\n","protected":false},"author":96,"featured_media":148661,"comment_status":"closed","ping_status":"closed","sticky":false,"template":"","format":"standard","meta":{"footnotes":""},"categories":[436,257,439],"tags":[],"class_list":["post-148668","post","type-post","status-publish","format-standard","has-post-thumbnail","hentry","category-destaque-da-semana","category-esporte","category-ultima-hora"],"_links":{"self":[{"href":"https:\/\/diarioregionaldigital.com.br\/index.php?rest_route=\/wp\/v2\/posts\/148668","targetHints":{"allow":["GET"]}}],"collection":[{"href":"https:\/\/diarioregionaldigital.com.br\/index.php?rest_route=\/wp\/v2\/posts"}],"about":[{"href":"https:\/\/diarioregionaldigital.com.br\/index.php?rest_route=\/wp\/v2\/types\/post"}],"author":[{"embeddable":true,"href":"https:\/\/diarioregionaldigital.com.br\/index.php?rest_route=\/wp\/v2\/users\/96"}],"replies":[{"embeddable":true,"href":"https:\/\/diarioregionaldigital.com.br\/index.php?rest_route=%2Fwp%2Fv2%2Fcomments&post=148668"}],"version-history":[{"count":0,"href":"https:\/\/diarioregionaldigital.com.br\/index.php?rest_route=\/wp\/v2\/posts\/148668\/revisions"}],"wp:featuredmedia":[{"embeddable":true,"href":"https:\/\/diarioregionaldigital.com.br\/index.php?rest_route=\/wp\/v2\/media\/148661"}],"wp:attachment":[{"href":"https:\/\/diarioregionaldigital.com.br\/index.php?rest_route=%2Fwp%2Fv2%2Fmedia&parent=148668"}],"wp:term":[{"taxonomy":"category","embeddable":true,"href":"https:\/\/diarioregionaldigital.com.br\/index.php?rest_route=%2Fwp%2Fv2%2Fcategories&post=148668"},{"taxonomy":"post_tag","embeddable":true,"href":"https:\/\/diarioregionaldigital.com.br\/index.php?rest_route=%2Fwp%2Fv2%2Ftags&post=148668"}],"curies":[{"name":"wp","href":"https:\/\/api.w.org\/{rel}","templated":true}]}}