{"id":148666,"date":"2019-09-30T17:36:59","date_gmt":"2019-09-30T20:36:59","guid":{"rendered":"https:\/\/diarioregionaldigital.com.br\/?p=148666"},"modified":"2019-11-30T05:59:15","modified_gmt":"2019-11-30T07:59:15","slug":"in-moda-25","status":"publish","type":"post","link":"https:\/\/diarioregionaldigital.com.br\/?p=148666","title":{"rendered":"In Moda"},"content":{"rendered":"<p><span style=\"font-size: 14pt\">QUEM L\u00ca SABE MAIS<\/span><\/p>\n<p><span style=\"font-size: 14pt\">A Eleg\u00e2ncia do Agora \u2013 ConstanzaPascolato<\/span><\/p>\n<p>Na \u00faltima semana foi a vez de comemorar o anivers\u00e1rio desse grande nome da moda brasileira: Constanza Pascolato! Completando 80 anos, a empres\u00e1ria reconta toda a sua trajet\u00f3ria em paralelo a dicas de estilo e eleg\u00e2ncia no seu novo livro A Eleg\u00e2ncia do Agora! Leitura essencial para os apaixonados por moda!<\/p>\n<p>&nbsp;<\/p>\n<p><span style=\"font-size: 18pt\"><a href=\"https:\/\/diarioregionaldigital.com.br\/wp-content\/uploads\/2019\/09\/diario-pagina-07-15.pdf\">Clique aqui para ler a coluna completa!<\/a><\/span><\/p>\n","protected":false},"excerpt":{"rendered":"<p>QUEM L\u00ca SABE MAIS A Eleg\u00e2ncia do Agora \u2013 ConstanzaPascolato Na \u00faltima semana foi a vez de comemorar o anivers\u00e1rio desse grande nome da moda brasileira: Constanza Pascolato! Completando 80 anos, a empres\u00e1ria reconta toda a sua trajet\u00f3ria em paralelo a dicas de estilo e eleg\u00e2ncia no seu novo livro A Eleg\u00e2ncia do Agora! Leitura [&hellip;]<\/p>\n","protected":false},"author":96,"featured_media":148669,"comment_status":"closed","ping_status":"closed","sticky":false,"template":"","format":"standard","meta":{"footnotes":""},"categories":[285],"tags":[],"class_list":["post-148666","post","type-post","status-publish","format-standard","has-post-thumbnail","hentry","category-moda-ana-paula-calixto"],"_links":{"self":[{"href":"https:\/\/diarioregionaldigital.com.br\/index.php?rest_route=\/wp\/v2\/posts\/148666","targetHints":{"allow":["GET"]}}],"collection":[{"href":"https:\/\/diarioregionaldigital.com.br\/index.php?rest_route=\/wp\/v2\/posts"}],"about":[{"href":"https:\/\/diarioregionaldigital.com.br\/index.php?rest_route=\/wp\/v2\/types\/post"}],"author":[{"embeddable":true,"href":"https:\/\/diarioregionaldigital.com.br\/index.php?rest_route=\/wp\/v2\/users\/96"}],"replies":[{"embeddable":true,"href":"https:\/\/diarioregionaldigital.com.br\/index.php?rest_route=%2Fwp%2Fv2%2Fcomments&post=148666"}],"version-history":[{"count":0,"href":"https:\/\/diarioregionaldigital.com.br\/index.php?rest_route=\/wp\/v2\/posts\/148666\/revisions"}],"wp:featuredmedia":[{"embeddable":true,"href":"https:\/\/diarioregionaldigital.com.br\/index.php?rest_route=\/wp\/v2\/media\/148669"}],"wp:attachment":[{"href":"https:\/\/diarioregionaldigital.com.br\/index.php?rest_route=%2Fwp%2Fv2%2Fmedia&parent=148666"}],"wp:term":[{"taxonomy":"category","embeddable":true,"href":"https:\/\/diarioregionaldigital.com.br\/index.php?rest_route=%2Fwp%2Fv2%2Fcategories&post=148666"},{"taxonomy":"post_tag","embeddable":true,"href":"https:\/\/diarioregionaldigital.com.br\/index.php?rest_route=%2Fwp%2Fv2%2Ftags&post=148666"}],"curies":[{"name":"wp","href":"https:\/\/api.w.org\/{rel}","templated":true}]}}