{"id":148664,"date":"2019-09-30T17:31:56","date_gmt":"2019-09-30T20:31:56","guid":{"rendered":"https:\/\/diarioregionaldigital.com.br\/?p=148664"},"modified":"2019-09-30T17:31:56","modified_gmt":"2019-09-30T20:31:56","slug":"fluminense-bate-o-gremio-e-segue-fora-do-z4-do-brasileiro","status":"publish","type":"post","link":"https:\/\/diarioregionaldigital.com.br\/?p=148664","title":{"rendered":"FLUMINENSE BATE O GR\u00caMIO E SEGUE FORA DO Z4 DO BRASILEIRO"},"content":{"rendered":"<p>Pela 22\u00aa rodada do Campeonato Brasileiro, o Fluminense recebeu o Gr\u00eamio neste domingo (29), no Maracan\u00e3, e reencontrou o caminho da vit\u00f3ria na competi\u00e7\u00e3o. Com gols de Nen\u00ea e Caio Henrique, o time carioca venceu por 2 a 1 \u2013 Patrick descontou para os ga\u00fachos.<\/p>\n<p>Com o resultado, o Flu chegou a 22 pontos e se afastou mais da t\u00e3o temida zona de rebaixamento, ocupando o 16\u00ba lugar. O Gr\u00eamio, com 34, aparece na s\u00e9tima posi\u00e7\u00e3o.<\/p>\n<p>&nbsp;<\/p>\n<p><strong>O JOGO<\/strong><\/p>\n<p>Jogando em casa, o Fluminense saiu na frente na primeira chegada ao ataque. Aos seis minutos, Daniel acionou Yony Gonz\u00e1les pela esquerda, que correu \u00e0 linha de fundo e cruzou para o meio. Nen\u00ea pegou de primeira para faze 1 a 0. O Gr\u00eamio respondeu logo na sequ\u00eancia, quando Thaciano ficou com a bola e mandou uma bomba na dire\u00e7\u00e3o de Muriel, que saiu bem para fazer a defesa. O Tricolor Ga\u00facho ainda teve chances com Andr\u00e9 e Thaciano novamente, aos 20 e 25 minutos, mas ambos isolaram os chutes. O Flu tamb\u00e9m teve outras oportunidades, com Yony e Jo\u00e3o Pedro, mas n\u00e3o ampliou na etapa inicial.<\/p>\n<p>Na volta do intervalo, o Tricolor Carioca marcou de novo logo no in\u00edcio. Aos quatro minutos, Jo\u00e3o Pedro arrancou pelo meio e lan\u00e7ou Yony, que deu passe de calcanhar para Caio Henrique invadir a \u00e1rea e finaliza: 2 a 0. O Gr\u00eamio seguiu tentando marcar e quase descontou aos oito, quando Thaciano foi parado novamente em boa defesa de Muriel. At\u00e9 que, aos 30, L\u00e9o Moura passou para Ferreira, tentou a finaliza\u00e7\u00e3o e, na sobra, Patrick chutou forte para dar n\u00fameros finais \u00e0 partida 2 a 1.<\/p>\n<p>Fonte: CBF<\/p>\n","protected":false},"excerpt":{"rendered":"<p>Pela 22\u00aa rodada do Campeonato Brasileiro, o Fluminense recebeu o Gr\u00eamio neste domingo (29), no Maracan\u00e3, e reencontrou o caminho da vit\u00f3ria na competi\u00e7\u00e3o. Com gols de Nen\u00ea e Caio Henrique, o time carioca venceu por 2 a 1 \u2013 Patrick descontou para os ga\u00fachos. Com o resultado, o Flu chegou a 22 pontos e [&hellip;]<\/p>\n","protected":false},"author":96,"featured_media":148660,"comment_status":"closed","ping_status":"closed","sticky":false,"template":"","format":"standard","meta":{"footnotes":""},"categories":[436,257,439],"tags":[],"class_list":["post-148664","post","type-post","status-publish","format-standard","has-post-thumbnail","hentry","category-destaque-da-semana","category-esporte","category-ultima-hora"],"_links":{"self":[{"href":"https:\/\/diarioregionaldigital.com.br\/index.php?rest_route=\/wp\/v2\/posts\/148664","targetHints":{"allow":["GET"]}}],"collection":[{"href":"https:\/\/diarioregionaldigital.com.br\/index.php?rest_route=\/wp\/v2\/posts"}],"about":[{"href":"https:\/\/diarioregionaldigital.com.br\/index.php?rest_route=\/wp\/v2\/types\/post"}],"author":[{"embeddable":true,"href":"https:\/\/diarioregionaldigital.com.br\/index.php?rest_route=\/wp\/v2\/users\/96"}],"replies":[{"embeddable":true,"href":"https:\/\/diarioregionaldigital.com.br\/index.php?rest_route=%2Fwp%2Fv2%2Fcomments&post=148664"}],"version-history":[{"count":0,"href":"https:\/\/diarioregionaldigital.com.br\/index.php?rest_route=\/wp\/v2\/posts\/148664\/revisions"}],"wp:featuredmedia":[{"embeddable":true,"href":"https:\/\/diarioregionaldigital.com.br\/index.php?rest_route=\/wp\/v2\/media\/148660"}],"wp:attachment":[{"href":"https:\/\/diarioregionaldigital.com.br\/index.php?rest_route=%2Fwp%2Fv2%2Fmedia&parent=148664"}],"wp:term":[{"taxonomy":"category","embeddable":true,"href":"https:\/\/diarioregionaldigital.com.br\/index.php?rest_route=%2Fwp%2Fv2%2Fcategories&post=148664"},{"taxonomy":"post_tag","embeddable":true,"href":"https:\/\/diarioregionaldigital.com.br\/index.php?rest_route=%2Fwp%2Fv2%2Ftags&post=148664"}],"curies":[{"name":"wp","href":"https:\/\/api.w.org\/{rel}","templated":true}]}}