{"id":148644,"date":"2019-09-30T17:30:45","date_gmt":"2019-09-30T20:30:45","guid":{"rendered":"https:\/\/diarioregionaldigital.com.br\/?p=148644"},"modified":"2019-11-30T05:59:21","modified_gmt":"2019-11-30T07:59:21","slug":"in-moda-24","status":"publish","type":"post","link":"https:\/\/diarioregionaldigital.com.br\/?p=148644","title":{"rendered":"In Moda"},"content":{"rendered":"<p><span style=\"font-size: 18pt\">TEND\u00caNCIAS DE BEACHWEAR<\/span><\/p>\n<p><span style=\"font-size: 14pt\">Os dias mais quentes j\u00e1 est\u00e3o por a\u00ed e para os amantes de calor, esse \u00e9 um \u00f3timo momento, \u00e9poca de curtir piscina, praia ou at\u00e9 cachoeira! N\u00f3s nos adiantamos um pouco e j\u00e1 estamos de olho nas principais tend\u00eancias de beachwear.<\/span><\/p>\n<p>&nbsp;<\/p>\n<p><span style=\"font-size: 24pt\"><a href=\"https:\/\/diarioregionaldigital.com.br\/wp-content\/uploads\/2019\/09\/diario-pagina-07-14.pdf\">Clique para ler a coluna completa!<\/a><\/span><\/p>\n","protected":false},"excerpt":{"rendered":"<p>TEND\u00caNCIAS DE BEACHWEAR Os dias mais quentes j\u00e1 est\u00e3o por a\u00ed e para os amantes de calor, esse \u00e9 um \u00f3timo momento, \u00e9poca de curtir piscina, praia ou at\u00e9 cachoeira! N\u00f3s nos adiantamos um pouco e j\u00e1 estamos de olho nas principais tend\u00eancias de beachwear. &nbsp; Clique para ler a coluna completa!<\/p>\n","protected":false},"author":96,"featured_media":148652,"comment_status":"closed","ping_status":"closed","sticky":false,"template":"","format":"standard","meta":{"footnotes":""},"categories":[285],"tags":[],"class_list":["post-148644","post","type-post","status-publish","format-standard","has-post-thumbnail","hentry","category-moda-ana-paula-calixto"],"_links":{"self":[{"href":"https:\/\/diarioregionaldigital.com.br\/index.php?rest_route=\/wp\/v2\/posts\/148644","targetHints":{"allow":["GET"]}}],"collection":[{"href":"https:\/\/diarioregionaldigital.com.br\/index.php?rest_route=\/wp\/v2\/posts"}],"about":[{"href":"https:\/\/diarioregionaldigital.com.br\/index.php?rest_route=\/wp\/v2\/types\/post"}],"author":[{"embeddable":true,"href":"https:\/\/diarioregionaldigital.com.br\/index.php?rest_route=\/wp\/v2\/users\/96"}],"replies":[{"embeddable":true,"href":"https:\/\/diarioregionaldigital.com.br\/index.php?rest_route=%2Fwp%2Fv2%2Fcomments&post=148644"}],"version-history":[{"count":0,"href":"https:\/\/diarioregionaldigital.com.br\/index.php?rest_route=\/wp\/v2\/posts\/148644\/revisions"}],"wp:featuredmedia":[{"embeddable":true,"href":"https:\/\/diarioregionaldigital.com.br\/index.php?rest_route=\/wp\/v2\/media\/148652"}],"wp:attachment":[{"href":"https:\/\/diarioregionaldigital.com.br\/index.php?rest_route=%2Fwp%2Fv2%2Fmedia&parent=148644"}],"wp:term":[{"taxonomy":"category","embeddable":true,"href":"https:\/\/diarioregionaldigital.com.br\/index.php?rest_route=%2Fwp%2Fv2%2Fcategories&post=148644"},{"taxonomy":"post_tag","embeddable":true,"href":"https:\/\/diarioregionaldigital.com.br\/index.php?rest_route=%2Fwp%2Fv2%2Ftags&post=148644"}],"curies":[{"name":"wp","href":"https:\/\/api.w.org\/{rel}","templated":true}]}}