{"id":148633,"date":"2019-09-30T17:05:43","date_gmt":"2019-09-30T20:05:43","guid":{"rendered":"https:\/\/diarioregionaldigital.com.br\/?p=148633"},"modified":"2019-11-30T05:59:53","modified_gmt":"2019-11-30T07:59:53","slug":"in-moda-22","status":"publish","type":"post","link":"https:\/\/diarioregionaldigital.com.br\/?p=148633","title":{"rendered":"In Moda"},"content":{"rendered":"<p>TAYLOR SWIFT + STELLA MCCARTNEY<\/p>\n<p>Taylor Swift e Stella McCartney est\u00e3o juntas em uma collab de roupas e acess\u00f3rios! Al\u00e9m de marcar o lan\u00e7amento do novo \u00e1lbum da cantora, a cole\u00e7\u00e3o \u00e9 composta de pe\u00e7as como jaquetas, bolsas e tops em tons pastel e chama aten\u00e7\u00e3o para a sustentabilidade, refor\u00e7ando o DNA da marca, que busca a confec\u00e7\u00e3o eco-fryendly em todos os seus processos.<\/p>\n<p>&nbsp;<\/p>\n<p>&nbsp;<\/p>\n<p><span style=\"font-size: 24pt\"><a href=\"https:\/\/diarioregionaldigital.com.br\/wp-content\/uploads\/2019\/09\/diario-pagina-07-12.pdf\">Clique aqui para ler a coluna completa!<\/a><\/span><\/p>\n","protected":false},"excerpt":{"rendered":"<p>TAYLOR SWIFT + STELLA MCCARTNEY Taylor Swift e Stella McCartney est\u00e3o juntas em uma collab de roupas e acess\u00f3rios! Al\u00e9m de marcar o lan\u00e7amento do novo \u00e1lbum da cantora, a cole\u00e7\u00e3o \u00e9 composta de pe\u00e7as como jaquetas, bolsas e tops em tons pastel e chama aten\u00e7\u00e3o para a sustentabilidade, refor\u00e7ando o DNA da marca, que [&hellip;]<\/p>\n","protected":false},"author":96,"featured_media":148637,"comment_status":"closed","ping_status":"closed","sticky":false,"template":"","format":"standard","meta":{"footnotes":""},"categories":[285],"tags":[],"class_list":["post-148633","post","type-post","status-publish","format-standard","has-post-thumbnail","hentry","category-moda-ana-paula-calixto"],"_links":{"self":[{"href":"https:\/\/diarioregionaldigital.com.br\/index.php?rest_route=\/wp\/v2\/posts\/148633","targetHints":{"allow":["GET"]}}],"collection":[{"href":"https:\/\/diarioregionaldigital.com.br\/index.php?rest_route=\/wp\/v2\/posts"}],"about":[{"href":"https:\/\/diarioregionaldigital.com.br\/index.php?rest_route=\/wp\/v2\/types\/post"}],"author":[{"embeddable":true,"href":"https:\/\/diarioregionaldigital.com.br\/index.php?rest_route=\/wp\/v2\/users\/96"}],"replies":[{"embeddable":true,"href":"https:\/\/diarioregionaldigital.com.br\/index.php?rest_route=%2Fwp%2Fv2%2Fcomments&post=148633"}],"version-history":[{"count":0,"href":"https:\/\/diarioregionaldigital.com.br\/index.php?rest_route=\/wp\/v2\/posts\/148633\/revisions"}],"wp:featuredmedia":[{"embeddable":true,"href":"https:\/\/diarioregionaldigital.com.br\/index.php?rest_route=\/wp\/v2\/media\/148637"}],"wp:attachment":[{"href":"https:\/\/diarioregionaldigital.com.br\/index.php?rest_route=%2Fwp%2Fv2%2Fmedia&parent=148633"}],"wp:term":[{"taxonomy":"category","embeddable":true,"href":"https:\/\/diarioregionaldigital.com.br\/index.php?rest_route=%2Fwp%2Fv2%2Fcategories&post=148633"},{"taxonomy":"post_tag","embeddable":true,"href":"https:\/\/diarioregionaldigital.com.br\/index.php?rest_route=%2Fwp%2Fv2%2Ftags&post=148633"}],"curies":[{"name":"wp","href":"https:\/\/api.w.org\/{rel}","templated":true}]}}