{"id":148629,"date":"2019-09-30T16:51:08","date_gmt":"2019-09-30T19:51:08","guid":{"rendered":"https:\/\/diarioregionaldigital.com.br\/?p=148629"},"modified":"2019-11-30T05:59:47","modified_gmt":"2019-11-30T07:59:47","slug":"148629","status":"publish","type":"post","link":"https:\/\/diarioregionaldigital.com.br\/?p=148629","title":{"rendered":""},"content":{"rendered":"<p>&nbsp;<\/p>\n<p><span style=\"font-size: 18pt\">QUEM L\u00ca SABE MAIS<br \/>\n<span style=\"font-size: 14pt\">CHRISTIAN LACROIX E O CONTO DA BELA ADORMECIDA, DE CAMILA MORTON<\/span><br \/>\n<\/span><\/p>\n<p><span style=\"font-size: 14pt\">Camila Morton tirou a biografia do seu espa\u00e7o comum nesse livro! Ela conta a hist\u00f3ria de Christian Lacroix , uma dos maiores estilistas franceses de todos os tempos, atrav\u00e9s da \u00f3tica do cl\u00e1ssico \u201cA Bela Adormecida\u201d, transformando mulheres em verdadeiras princesas atrav\u00e9s dos vestidos do criador! Uma leitura leve e essencial para os amantes de moda.<\/p>\n<p><span style=\"font-size: 24pt\"><a href=\"https:\/\/diarioregionaldigital.com.br\/wp-content\/uploads\/2019\/09\/diario-pagina-07-11.pdf\">Clique aqui para ler a coluna completa!<\/a><\/span><br \/>\n<\/span><\/p>\n","protected":false},"excerpt":{"rendered":"<p>&nbsp; QUEM L\u00ca SABE MAIS CHRISTIAN LACROIX E O CONTO DA BELA ADORMECIDA, DE CAMILA MORTON Camila Morton tirou a biografia do seu espa\u00e7o comum nesse livro! Ela conta a hist\u00f3ria de Christian Lacroix , uma dos maiores estilistas franceses de todos os tempos, atrav\u00e9s da \u00f3tica do cl\u00e1ssico \u201cA Bela Adormecida\u201d, transformando mulheres em [&hellip;]<\/p>\n","protected":false},"author":96,"featured_media":148631,"comment_status":"closed","ping_status":"closed","sticky":false,"template":"","format":"standard","meta":{"footnotes":""},"categories":[285],"tags":[],"class_list":["post-148629","post","type-post","status-publish","format-standard","has-post-thumbnail","hentry","category-moda-ana-paula-calixto"],"_links":{"self":[{"href":"https:\/\/diarioregionaldigital.com.br\/index.php?rest_route=\/wp\/v2\/posts\/148629","targetHints":{"allow":["GET"]}}],"collection":[{"href":"https:\/\/diarioregionaldigital.com.br\/index.php?rest_route=\/wp\/v2\/posts"}],"about":[{"href":"https:\/\/diarioregionaldigital.com.br\/index.php?rest_route=\/wp\/v2\/types\/post"}],"author":[{"embeddable":true,"href":"https:\/\/diarioregionaldigital.com.br\/index.php?rest_route=\/wp\/v2\/users\/96"}],"replies":[{"embeddable":true,"href":"https:\/\/diarioregionaldigital.com.br\/index.php?rest_route=%2Fwp%2Fv2%2Fcomments&post=148629"}],"version-history":[{"count":0,"href":"https:\/\/diarioregionaldigital.com.br\/index.php?rest_route=\/wp\/v2\/posts\/148629\/revisions"}],"wp:featuredmedia":[{"embeddable":true,"href":"https:\/\/diarioregionaldigital.com.br\/index.php?rest_route=\/wp\/v2\/media\/148631"}],"wp:attachment":[{"href":"https:\/\/diarioregionaldigital.com.br\/index.php?rest_route=%2Fwp%2Fv2%2Fmedia&parent=148629"}],"wp:term":[{"taxonomy":"category","embeddable":true,"href":"https:\/\/diarioregionaldigital.com.br\/index.php?rest_route=%2Fwp%2Fv2%2Fcategories&post=148629"},{"taxonomy":"post_tag","embeddable":true,"href":"https:\/\/diarioregionaldigital.com.br\/index.php?rest_route=%2Fwp%2Fv2%2Ftags&post=148629"}],"curies":[{"name":"wp","href":"https:\/\/api.w.org\/{rel}","templated":true}]}}