{"id":148628,"date":"2019-09-30T17:30:05","date_gmt":"2019-09-30T20:30:05","guid":{"rendered":"https:\/\/diarioregionaldigital.com.br\/?p=148628"},"modified":"2019-09-30T17:30:05","modified_gmt":"2019-09-30T20:30:05","slug":"corinthians-vence-o-vasco-e-sobe-para-o-quarto-lugar-do-brasileirao","status":"publish","type":"post","link":"https:\/\/diarioregionaldigital.com.br\/?p=148628","title":{"rendered":"CORINTHIANS VENCE O VASCO E SOBE PARA O QUARTO LUGAR DO BRASILEIR\u00c3O"},"content":{"rendered":"<p>Pela 22\u00aa rodada do Campeonato Brasileiro, o Corinthians recebeu o Vasco neste domingo (29) e manteve a invencibilidade jogando em casa, na Arena Corinthians. Com gol de Ralf, o Tim\u00e3o bateu a equipe carioca por 1 a 0 e subiu duas posi\u00e7\u00f5es na tabela de classifica\u00e7\u00e3o.<\/p>\n<p>Com o resultado, o time comandado por F\u00e1bio Carille subiu momentaneamente para o quarto lugar da S\u00e9rie A, com 38 pontos. O Cruzmaltino, com 24, aparece na 13\u00aa posi\u00e7\u00e3o.<\/p>\n<p>&nbsp;<\/p>\n<p><strong>O JOGO<\/strong><\/p>\n<p>Em S\u00e3o Paulo, Corinthians e Vasco fizeram um primeiro tempo sem muitas emo\u00e7\u00f5es. O Tim\u00e3o at\u00e9 iniciou o jogo trocando mais passes e tomando a iniciativa, mas viu a equipe carioca se defender bem e apertar a sa\u00edda de jogo. No entanto, os times erraram muitos passes e n\u00e3o conseguiram deixar o jogo correr bem. Nas duas boas chances para os paulistas, Sornoza cobrou falta e at\u00e9 balan\u00e7ou as redes, mas o gol foi anulado ap\u00f3s revis\u00e3o do VAR, que marcou falta de Manoel no in\u00edcio da jogada. Depois, o equatoriano deu bom passe para Pedrinho, que dominou bem, mas finalizou fraco, no colo do goleiro Fernando Miguel. Do lado vasca\u00edno, Ribamar foi quem mais chutou em dire\u00e7\u00e3o ao gol, mas sem acertar a pontaria.<\/p>\n<p>No segundo tempo, os times voltaram buscando mais o gol. O Vasco chegou a marcar com Werley, que estava em posi\u00e7\u00e3o irregular e teve o lance anulado ap\u00f3s nova revis\u00e3o do VAR. Depois, aos 13 minutos, Pedrinho cruzou na \u00e1rea e a bola sobrou para Ralf, que tabelou com Boselli, e bateu de primeira para fazer um belo gol na Arena Corinthians: 1 a 0. Atr\u00e1s no placar, o Cruzmaltino tentou achar espa\u00e7os, mas n\u00e3o teve sucesso. Na melhor chance, aos 35, Gil desviou a bola e obrigou C\u00e1ssio a fazer a defesa no reflexo. O Tim\u00e3o ainda teve boa oportunidade aos 41, com Gustavo, que viu Fernando Miguel fazer duas defesas seguidas e manter o placar de 1 a 0 at\u00e9 o apito final.<\/p>\n","protected":false},"excerpt":{"rendered":"<p>Pela 22\u00aa rodada do Campeonato Brasileiro, o Corinthians recebeu o Vasco neste domingo (29) e manteve a invencibilidade jogando em casa, na Arena Corinthians. Com gol de Ralf, o Tim\u00e3o bateu a equipe carioca por 1 a 0 e subiu duas posi\u00e7\u00f5es na tabela de classifica\u00e7\u00e3o. Com o resultado, o time comandado por F\u00e1bio Carille [&hellip;]<\/p>\n","protected":false},"author":96,"featured_media":148659,"comment_status":"closed","ping_status":"closed","sticky":false,"template":"","format":"standard","meta":{"footnotes":""},"categories":[436,257,439],"tags":[],"class_list":["post-148628","post","type-post","status-publish","format-standard","has-post-thumbnail","hentry","category-destaque-da-semana","category-esporte","category-ultima-hora"],"_links":{"self":[{"href":"https:\/\/diarioregionaldigital.com.br\/index.php?rest_route=\/wp\/v2\/posts\/148628","targetHints":{"allow":["GET"]}}],"collection":[{"href":"https:\/\/diarioregionaldigital.com.br\/index.php?rest_route=\/wp\/v2\/posts"}],"about":[{"href":"https:\/\/diarioregionaldigital.com.br\/index.php?rest_route=\/wp\/v2\/types\/post"}],"author":[{"embeddable":true,"href":"https:\/\/diarioregionaldigital.com.br\/index.php?rest_route=\/wp\/v2\/users\/96"}],"replies":[{"embeddable":true,"href":"https:\/\/diarioregionaldigital.com.br\/index.php?rest_route=%2Fwp%2Fv2%2Fcomments&post=148628"}],"version-history":[{"count":0,"href":"https:\/\/diarioregionaldigital.com.br\/index.php?rest_route=\/wp\/v2\/posts\/148628\/revisions"}],"wp:featuredmedia":[{"embeddable":true,"href":"https:\/\/diarioregionaldigital.com.br\/index.php?rest_route=\/wp\/v2\/media\/148659"}],"wp:attachment":[{"href":"https:\/\/diarioregionaldigital.com.br\/index.php?rest_route=%2Fwp%2Fv2%2Fmedia&parent=148628"}],"wp:term":[{"taxonomy":"category","embeddable":true,"href":"https:\/\/diarioregionaldigital.com.br\/index.php?rest_route=%2Fwp%2Fv2%2Fcategories&post=148628"},{"taxonomy":"post_tag","embeddable":true,"href":"https:\/\/diarioregionaldigital.com.br\/index.php?rest_route=%2Fwp%2Fv2%2Ftags&post=148628"}],"curies":[{"name":"wp","href":"https:\/\/api.w.org\/{rel}","templated":true}]}}