{"id":148623,"date":"2019-09-30T16:40:22","date_gmt":"2019-09-30T19:40:22","guid":{"rendered":"https:\/\/diarioregionaldigital.com.br\/?p=148623"},"modified":"2019-11-30T06:01:35","modified_gmt":"2019-11-30T08:01:35","slug":"in-moda-21","status":"publish","type":"post","link":"https:\/\/diarioregionaldigital.com.br\/?p=148623","title":{"rendered":"In Moda"},"content":{"rendered":"<p><span style=\"font-size: 18pt\">HOR\u00d3SCOPO FASHION<\/span><\/p>\n<p><span style=\"font-size: 18pt\">O m\u00eas de agosto \u00e9 das leoninas! Le\u00e3o \u00e9 o signo mais vaidoso do zod\u00edaco e sem d\u00favidas \u00e9 hora de ousar nas escolhas! Nada de looks minimalistas, maxi acess\u00f3rios s\u00e3o super bem-vindos e mix de estampas s\u00e3o perfeitos para levantar qualquer look. Al\u00e9m disso as fashionistas de le\u00e3o se d\u00e3o super bem com as tend\u00eancias.<\/span><\/p>\n<p>&nbsp;<\/p>\n<p><a href=\"https:\/\/diarioregionaldigital.com.br\/wp-content\/uploads\/2019\/09\/diario-pagina-07-10.pdf\">Clique para ler a coluna completa!<\/a><\/p>\n","protected":false},"excerpt":{"rendered":"<p>HOR\u00d3SCOPO FASHION O m\u00eas de agosto \u00e9 das leoninas! Le\u00e3o \u00e9 o signo mais vaidoso do zod\u00edaco e sem d\u00favidas \u00e9 hora de ousar nas escolhas! Nada de looks minimalistas, maxi acess\u00f3rios s\u00e3o super bem-vindos e mix de estampas s\u00e3o perfeitos para levantar qualquer look. Al\u00e9m disso as fashionistas de le\u00e3o se d\u00e3o super bem [&hellip;]<\/p>\n","protected":false},"author":96,"featured_media":148626,"comment_status":"closed","ping_status":"closed","sticky":false,"template":"","format":"standard","meta":{"footnotes":""},"categories":[285],"tags":[],"class_list":["post-148623","post","type-post","status-publish","format-standard","has-post-thumbnail","hentry","category-moda-ana-paula-calixto"],"_links":{"self":[{"href":"https:\/\/diarioregionaldigital.com.br\/index.php?rest_route=\/wp\/v2\/posts\/148623","targetHints":{"allow":["GET"]}}],"collection":[{"href":"https:\/\/diarioregionaldigital.com.br\/index.php?rest_route=\/wp\/v2\/posts"}],"about":[{"href":"https:\/\/diarioregionaldigital.com.br\/index.php?rest_route=\/wp\/v2\/types\/post"}],"author":[{"embeddable":true,"href":"https:\/\/diarioregionaldigital.com.br\/index.php?rest_route=\/wp\/v2\/users\/96"}],"replies":[{"embeddable":true,"href":"https:\/\/diarioregionaldigital.com.br\/index.php?rest_route=%2Fwp%2Fv2%2Fcomments&post=148623"}],"version-history":[{"count":0,"href":"https:\/\/diarioregionaldigital.com.br\/index.php?rest_route=\/wp\/v2\/posts\/148623\/revisions"}],"wp:featuredmedia":[{"embeddable":true,"href":"https:\/\/diarioregionaldigital.com.br\/index.php?rest_route=\/wp\/v2\/media\/148626"}],"wp:attachment":[{"href":"https:\/\/diarioregionaldigital.com.br\/index.php?rest_route=%2Fwp%2Fv2%2Fmedia&parent=148623"}],"wp:term":[{"taxonomy":"category","embeddable":true,"href":"https:\/\/diarioregionaldigital.com.br\/index.php?rest_route=%2Fwp%2Fv2%2Fcategories&post=148623"},{"taxonomy":"post_tag","embeddable":true,"href":"https:\/\/diarioregionaldigital.com.br\/index.php?rest_route=%2Fwp%2Fv2%2Ftags&post=148623"}],"curies":[{"name":"wp","href":"https:\/\/api.w.org\/{rel}","templated":true}]}}