{"id":148618,"date":"2019-09-30T14:50:44","date_gmt":"2019-09-30T17:50:44","guid":{"rendered":"https:\/\/diarioregionaldigital.com.br\/?p=148618"},"modified":"2019-09-30T14:50:44","modified_gmt":"2019-09-30T17:50:44","slug":"mourao-defende-desvinculacao-de-recursos-do-orcamento-da-uniao","status":"publish","type":"post","link":"https:\/\/diarioregionaldigital.com.br\/?p=148618","title":{"rendered":"Mour\u00e3o defende desvincula\u00e7\u00e3o de recursos do Or\u00e7amento da Uni\u00e3o"},"content":{"rendered":"<p>O vice-presidente da Rep\u00fablica, Hamilton Mour\u00e3o, voltou a defender a necessidade de revis\u00e3o da vincula\u00e7\u00e3o constitucional de recursos do\u00a0Or\u00e7amento Geral da Uni\u00e3o\u00a0para o pagamento de despesas obrigat\u00f3rias. Ao palestrar durante um evento de capacita\u00e7\u00e3o de profissionais de seguran\u00e7a p\u00fablica, em Bras\u00edlia, Mour\u00e3o associou a atual crise econ\u00f4mica \u00e0 inclus\u00e3o, na Constitui\u00e7\u00e3o Federal de 1988, da obriga\u00e7\u00e3o dos governantes investirem um percentual m\u00ednimo em determinados setores, tais como Educa\u00e7\u00e3o e Sa\u00fade.<\/p>\n<p>\u201cEnfrentamos uma crise econ\u00f4mica que vem se desenhando ao longo dos \u00faltimos 30 anos. Na aprova\u00e7\u00e3o da Constitui\u00e7\u00e3o Federal [foram inclu\u00eddos] uma s\u00e9rie de direitos, e carimbo de recursos sem dizer de onde sairiam estes recursos\u201d, comentou Mour\u00e3o ao afirmar que os constituintes previram um Estado de bem-estar social que o pa\u00eds n\u00e3o tem condi\u00e7\u00f5es de \u201cbancar\u201d.<\/p>\n<p>\u201cNa ocasi\u00e3o, o [ent\u00e3o] presidente Jos\u00e9 Sarney disse que o pa\u00eds ficaria ingovern\u00e1vel. \u00c9 a situa\u00e7\u00e3o que vivemos hoje\u201d, acrescentou Mour\u00e3o, reafirmando que a desvincula\u00e7\u00e3o do Or\u00e7amento da Uni\u00e3o que ele e outros integrantes do governo federal defendem desde o in\u00edcio da atual gest\u00e3o devolveria ao Congresso Nacional o poder de elaborar o Or\u00e7amento Geral, apontando prioridades. O vice-presidente afirmou que, de cada R$ 100 que a Uni\u00e3o arrecada, R$ 95 j\u00e1 tem destino certo, deixando o governo sem espa\u00e7o para mexer no or\u00e7amento.<\/p>\n<p>\u201cPrecisamos desvincular para buscar este equil\u00edbrio entre despesas e receitas\u201d, disse o vice-presidente. \u201cE passar a tarefa de montar o Or\u00e7amento ao Congresso Nacional que, hoje, n\u00e3o tem nenhuma margem de manobra\u201d, acrescentou Mour\u00e3o, argumentando que, ao longo das \u00faltimas d\u00e9cadas, o Estado brasileiro n\u00e3o parou de crescer, gastando quase tudo o que arrecada.<\/p>\n<p>\u201cPara pagar por isto, a carga tribut\u00e1ria foi ampliada. E, ainda assim, sustentamos um Estado que n\u00e3o cumpre seu papel e que est\u00e1 endividado\u201d, disse Mour\u00e3o, defendendo tamb\u00e9m uma revis\u00e3o da Lei 8.666, que estabelece regras gerais para a realiza\u00e7\u00e3o de licita\u00e7\u00f5es.<\/p>\n<p>Fonte: Ag\u00eancia Brasil<\/p>\n","protected":false},"excerpt":{"rendered":"<p>O vice-presidente da Rep\u00fablica, Hamilton Mour\u00e3o, voltou a defender a necessidade de revis\u00e3o da vincula\u00e7\u00e3o constitucional de recursos do\u00a0Or\u00e7amento Geral da Uni\u00e3o\u00a0para o pagamento de despesas obrigat\u00f3rias. Ao palestrar durante um evento de capacita\u00e7\u00e3o de profissionais de seguran\u00e7a p\u00fablica, em Bras\u00edlia, Mour\u00e3o associou a atual crise econ\u00f4mica \u00e0 inclus\u00e3o, na Constitui\u00e7\u00e3o Federal de 1988, da [&hellip;]<\/p>\n","protected":false},"author":96,"featured_media":148619,"comment_status":"closed","ping_status":"closed","sticky":false,"template":"","format":"standard","meta":{"footnotes":""},"categories":[436,254,439],"tags":[],"class_list":["post-148618","post","type-post","status-publish","format-standard","has-post-thumbnail","hentry","category-destaque-da-semana","category-politica","category-ultima-hora"],"_links":{"self":[{"href":"https:\/\/diarioregionaldigital.com.br\/index.php?rest_route=\/wp\/v2\/posts\/148618","targetHints":{"allow":["GET"]}}],"collection":[{"href":"https:\/\/diarioregionaldigital.com.br\/index.php?rest_route=\/wp\/v2\/posts"}],"about":[{"href":"https:\/\/diarioregionaldigital.com.br\/index.php?rest_route=\/wp\/v2\/types\/post"}],"author":[{"embeddable":true,"href":"https:\/\/diarioregionaldigital.com.br\/index.php?rest_route=\/wp\/v2\/users\/96"}],"replies":[{"embeddable":true,"href":"https:\/\/diarioregionaldigital.com.br\/index.php?rest_route=%2Fwp%2Fv2%2Fcomments&post=148618"}],"version-history":[{"count":0,"href":"https:\/\/diarioregionaldigital.com.br\/index.php?rest_route=\/wp\/v2\/posts\/148618\/revisions"}],"wp:featuredmedia":[{"embeddable":true,"href":"https:\/\/diarioregionaldigital.com.br\/index.php?rest_route=\/wp\/v2\/media\/148619"}],"wp:attachment":[{"href":"https:\/\/diarioregionaldigital.com.br\/index.php?rest_route=%2Fwp%2Fv2%2Fmedia&parent=148618"}],"wp:term":[{"taxonomy":"category","embeddable":true,"href":"https:\/\/diarioregionaldigital.com.br\/index.php?rest_route=%2Fwp%2Fv2%2Fcategories&post=148618"},{"taxonomy":"post_tag","embeddable":true,"href":"https:\/\/diarioregionaldigital.com.br\/index.php?rest_route=%2Fwp%2Fv2%2Ftags&post=148618"}],"curies":[{"name":"wp","href":"https:\/\/api.w.org\/{rel}","templated":true}]}}