{"id":148615,"date":"2019-09-30T14:43:22","date_gmt":"2019-09-30T17:43:22","guid":{"rendered":"https:\/\/diarioregionaldigital.com.br\/?p=148615"},"modified":"2019-09-30T14:43:22","modified_gmt":"2019-09-30T17:43:22","slug":"mercado-financeiro-reduz-estimativa-para-inflacao-e-taxa-selic-em-2019","status":"publish","type":"post","link":"https:\/\/diarioregionaldigital.com.br\/?p=148615","title":{"rendered":"Mercado financeiro reduz estimativa para infla\u00e7\u00e3o e taxa Selic em 2019"},"content":{"rendered":"<p>Institui\u00e7\u00f5es financeiras reduziram, pela oitava vez seguida, a estimativa para a infla\u00e7\u00e3o neste ano.<\/p>\n<p>De acordo com pesquisa do Banco Central (BC) ao mercado financeiro, a previs\u00e3o para a infla\u00e7\u00e3o, calculada pelo \u00cdndice Nacional de Pre\u00e7os ao Consumidor Amplo, passou de 3,44% para 3,43%, em 2019.<\/p>\n<p>Para 2020, a estimativa caiu de 3,80% para 3,79%. A previs\u00e3o para os anos seguintes n\u00e3o teve altera\u00e7\u00f5es: 3,75%, em 2021, e 3,50%, em 2022.<\/p>\n<p>As estimativas para 2019 e o pr\u00f3ximo ano est\u00e3o abaixo do centro da meta de infla\u00e7\u00e3o que deve ser perseguida pelo BC. A meta de infla\u00e7\u00e3o, definida pelo Conselho Monet\u00e1rio Nacional \u00e9 4,25% em 2019, 4% em 2020, 3,75% em 2021 e 3,50% em 2022, com intervalo de toler\u00e2ncia de 1,5 ponto percentual para cima ou para baixo.<\/p>\n<p>O principal instrumento usado pelo BC para controlar a infla\u00e7\u00e3o \u00e9 a taxa b\u00e1sica de juros, a Selic. Quando o Comit\u00ea de Pol\u00edtica Monet\u00e1ria (Copom) do BC reduz a Selic, a tend\u00eancia \u00e9 que o cr\u00e9dito fique mais barato, com incentivo \u00e0 produ\u00e7\u00e3o e ao consumo, reduzindo o controle da infla\u00e7\u00e3o e estimulando a atividade econ\u00f4mica.<\/p>\n<p>Quando o Copom aumenta a Selic, a finalidade \u00e9 conter a demanda aquecida e isso causa reflexos nos pre\u00e7os porque os juros mais altos encarecem o cr\u00e9dito e estimulam a poupan\u00e7a.<\/p>\n<p>Para o mercado financeiro, a Selic deve terminar 2019 em 4,75% ao ano. Na semana passada, a expectativa estava em 5% ao ano. Atualmente, a Selic est\u00e1 em 5,5% ao ano.<\/p>\n<p>O mercado financeiro n\u00e3o alterou a estimativa para o fim de 2020: 5% ao ano. Para 2021, a expectativa \u00e9 que a Selic termine o per\u00edodo em 6,50% ao ano. Na semana passada, a previs\u00e3o era 6,75% ao ano. Para o fim de 2022, a previs\u00e3o permanece em 7% ao ano.<\/p>\n<h2>Crescimento da economia<\/h2>\n<p>A previs\u00e3o para a expans\u00e3o do Produto Interno Bruto (PIB) \u2013 a soma de todos os bens e servi\u00e7os produzidos no pa\u00eds \u2013 \u00e9 mantida em 0,87% em 2019, h\u00e1 quatro semanas consecutivas.<\/p>\n<p>As estimativas para os anos seguintes tamb\u00e9m n\u00e3o foram alteradas: 2%, em 2020; e 2,50%, em 2021 e 2022.<\/p>\n<h2>D\u00f3lar<\/h2>\n<p>A previs\u00e3o para a cota\u00e7\u00e3o do d\u00f3lar ao fim deste ano subiu de R$ 3,95 para R$ 4 e, para 2020, de R$ 3,90 para R$ 3,91.<\/p>\n<p>Fonte: Ag\u00eancia Brasil<\/p>\n","protected":false},"excerpt":{"rendered":"<p>Institui\u00e7\u00f5es financeiras reduziram, pela oitava vez seguida, a estimativa para a infla\u00e7\u00e3o neste ano. De acordo com pesquisa do Banco Central (BC) ao mercado financeiro, a previs\u00e3o para a infla\u00e7\u00e3o, calculada pelo \u00cdndice Nacional de Pre\u00e7os ao Consumidor Amplo, passou de 3,44% para 3,43%, em 2019. Para 2020, a estimativa caiu de 3,80% para 3,79%. [&hellip;]<\/p>\n","protected":false},"author":96,"featured_media":146412,"comment_status":"closed","ping_status":"closed","sticky":false,"template":"","format":"standard","meta":{"footnotes":""},"categories":[436,261,439],"tags":[],"class_list":["post-148615","post","type-post","status-publish","format-standard","has-post-thumbnail","hentry","category-destaque-da-semana","category-economia","category-ultima-hora"],"_links":{"self":[{"href":"https:\/\/diarioregionaldigital.com.br\/index.php?rest_route=\/wp\/v2\/posts\/148615","targetHints":{"allow":["GET"]}}],"collection":[{"href":"https:\/\/diarioregionaldigital.com.br\/index.php?rest_route=\/wp\/v2\/posts"}],"about":[{"href":"https:\/\/diarioregionaldigital.com.br\/index.php?rest_route=\/wp\/v2\/types\/post"}],"author":[{"embeddable":true,"href":"https:\/\/diarioregionaldigital.com.br\/index.php?rest_route=\/wp\/v2\/users\/96"}],"replies":[{"embeddable":true,"href":"https:\/\/diarioregionaldigital.com.br\/index.php?rest_route=%2Fwp%2Fv2%2Fcomments&post=148615"}],"version-history":[{"count":0,"href":"https:\/\/diarioregionaldigital.com.br\/index.php?rest_route=\/wp\/v2\/posts\/148615\/revisions"}],"wp:featuredmedia":[{"embeddable":true,"href":"https:\/\/diarioregionaldigital.com.br\/index.php?rest_route=\/wp\/v2\/media\/146412"}],"wp:attachment":[{"href":"https:\/\/diarioregionaldigital.com.br\/index.php?rest_route=%2Fwp%2Fv2%2Fmedia&parent=148615"}],"wp:term":[{"taxonomy":"category","embeddable":true,"href":"https:\/\/diarioregionaldigital.com.br\/index.php?rest_route=%2Fwp%2Fv2%2Fcategories&post=148615"},{"taxonomy":"post_tag","embeddable":true,"href":"https:\/\/diarioregionaldigital.com.br\/index.php?rest_route=%2Fwp%2Fv2%2Ftags&post=148615"}],"curies":[{"name":"wp","href":"https:\/\/api.w.org\/{rel}","templated":true}]}}