{"id":148608,"date":"2019-09-30T14:14:17","date_gmt":"2019-09-30T17:14:17","guid":{"rendered":"https:\/\/diarioregionaldigital.com.br\/?p=148608"},"modified":"2019-09-30T14:14:17","modified_gmt":"2019-09-30T17:14:17","slug":"incerteza-da-economia-cresce-27-pontos-de-agosto-para-setembro","status":"publish","type":"post","link":"https:\/\/diarioregionaldigital.com.br\/?p=148608","title":{"rendered":"Incerteza da economia cresce 2,7 pontos de agosto para setembro"},"content":{"rendered":"<p>O Indicador de Incerteza da Economia, medido pela Funda\u00e7\u00e3o Getulio Vargas (FGV), subiu 2,7 pontos na passagem de agosto para setembro deste ano. Com o resultado, o indicador chegou a 116,9 pontos, em uma escala de 0 a 200 pontos, e se mant\u00e9m elevado em termos hist\u00f3ricos.<\/p>\n<p>O indicador \u00e9 calculado com base em dois componentes: m\u00eddia (baseado na frequ\u00eancia de not\u00edcias com men\u00e7\u00e3o \u00e0 incerteza na imprensa) e expectativa (constru\u00eddo a partir das previs\u00f5es de analistas econ\u00f4micos).<\/p>\n<p>O componente m\u00eddia subiu 1,5 ponto e chegou a 115,9 pontos. J\u00e1 o componente expectativa teve alta de 5,8 pontos.<\/p>\n<p>De acordo com o pesquisador da FGV Aloisio Campelo Jr., a alta do indicador foi motivada principalmente por quest\u00f5es externas, como a tens\u00e3o comercial entre Estados Unidos e China e a possibilidade de uma desacelera\u00e7\u00e3o mais forte da economia mundial em 2020. Al\u00e9m disso, fatores internos tamb\u00e9m contribu\u00edram, em especial devido a temas como a reforma tribut\u00e1ria e a d\u00favidas quanto ao ritmo de crescimento da economia brasileira.<\/p>\n<p>Fonte: Ag\u00eancia Brasil<\/p>\n","protected":false},"excerpt":{"rendered":"<p>O Indicador de Incerteza da Economia, medido pela Funda\u00e7\u00e3o Getulio Vargas (FGV), subiu 2,7 pontos na passagem de agosto para setembro deste ano. Com o resultado, o indicador chegou a 116,9 pontos, em uma escala de 0 a 200 pontos, e se mant\u00e9m elevado em termos hist\u00f3ricos. O indicador \u00e9 calculado com base em dois [&hellip;]<\/p>\n","protected":false},"author":96,"featured_media":141380,"comment_status":"closed","ping_status":"closed","sticky":false,"template":"","format":"standard","meta":{"footnotes":""},"categories":[436,261,439],"tags":[],"class_list":["post-148608","post","type-post","status-publish","format-standard","has-post-thumbnail","hentry","category-destaque-da-semana","category-economia","category-ultima-hora"],"_links":{"self":[{"href":"https:\/\/diarioregionaldigital.com.br\/index.php?rest_route=\/wp\/v2\/posts\/148608","targetHints":{"allow":["GET"]}}],"collection":[{"href":"https:\/\/diarioregionaldigital.com.br\/index.php?rest_route=\/wp\/v2\/posts"}],"about":[{"href":"https:\/\/diarioregionaldigital.com.br\/index.php?rest_route=\/wp\/v2\/types\/post"}],"author":[{"embeddable":true,"href":"https:\/\/diarioregionaldigital.com.br\/index.php?rest_route=\/wp\/v2\/users\/96"}],"replies":[{"embeddable":true,"href":"https:\/\/diarioregionaldigital.com.br\/index.php?rest_route=%2Fwp%2Fv2%2Fcomments&post=148608"}],"version-history":[{"count":0,"href":"https:\/\/diarioregionaldigital.com.br\/index.php?rest_route=\/wp\/v2\/posts\/148608\/revisions"}],"wp:featuredmedia":[{"embeddable":true,"href":"https:\/\/diarioregionaldigital.com.br\/index.php?rest_route=\/wp\/v2\/media\/141380"}],"wp:attachment":[{"href":"https:\/\/diarioregionaldigital.com.br\/index.php?rest_route=%2Fwp%2Fv2%2Fmedia&parent=148608"}],"wp:term":[{"taxonomy":"category","embeddable":true,"href":"https:\/\/diarioregionaldigital.com.br\/index.php?rest_route=%2Fwp%2Fv2%2Fcategories&post=148608"},{"taxonomy":"post_tag","embeddable":true,"href":"https:\/\/diarioregionaldigital.com.br\/index.php?rest_route=%2Fwp%2Fv2%2Ftags&post=148608"}],"curies":[{"name":"wp","href":"https:\/\/api.w.org\/{rel}","templated":true}]}}