{"id":148599,"date":"2019-09-30T13:15:07","date_gmt":"2019-09-30T16:15:07","guid":{"rendered":"https:\/\/diarioregionaldigital.com.br\/?p=148599"},"modified":"2019-09-30T13:15:07","modified_gmt":"2019-09-30T16:15:07","slug":"ministerio-da-educacao-anuncia-desbloqueio-de-r-2-bilhoes","status":"publish","type":"post","link":"https:\/\/diarioregionaldigital.com.br\/?p=148599","title":{"rendered":"Minist\u00e9rio da Educa\u00e7\u00e3o anuncia desbloqueio de R$ 2 bilh\u00f5es"},"content":{"rendered":"<p>O Minist\u00e9rio da Educa\u00e7\u00e3o (MEC) destinar\u00e1 58% dos recursos desbloqueados para recompor o or\u00e7amento das universidades e institutos federais, anunciou hoje (30), em Bras\u00edlia, o ministro da Educa\u00e7\u00e3o, Abraham Weintraub.<\/p>\n<p>Os recursos, segundo o MEC, cobrir\u00e3o despesas de custeio como gastos com \u00e1gua, energia el\u00e9trica, aquisi\u00e7\u00e3o de materiais de consumo e outras presta\u00e7\u00f5es de servi\u00e7o.<\/p>\n<p>O an\u00fancio do desbloqueio do or\u00e7amento foi feito no \u00faltimo dia 20 pelo Minist\u00e9rio da Economia. A libera\u00e7\u00e3o est\u00e1 prevista no decreto 10.028 publicado no Di\u00e1rio Oficial da Uni\u00e3o na \u00faltima sexta-feira (27).<\/p>\n<p>Ao todo, o governo desbloqueou R$ 8,3 bilh\u00f5es do Or\u00e7amento deste ano. Entre os minist\u00e9rios, o que teve maior libera\u00e7\u00e3o foi o da Educa\u00e7\u00e3o, com R$ 1,99 bilh\u00e3o.<\/p>\n<p>Do total desbloqueado no MEC, as universidades receber\u00e3o R$ 1,156 bilh\u00e3o. Com isso, essas institui\u00e7\u00f5es, que tiveram, em m\u00e9dia, 30% dos recursos discricion\u00e1rios bloqueados no in\u00edcio do ano, seguir\u00e3o com 15% dessas verbas contingenciadas, segundo Weintraub.<\/p>\n<p>No in\u00edcio do m\u00eas, outros R$ 584 milh\u00f5es foram disponibilizados \u00e0s institui\u00e7\u00f5es. Com a libera\u00e7\u00e3o, seguem bloqueados no MEC R$ 3,8 bilh\u00f5es.<\/p>\n<p>\u201cTudo isso vem de recursos suados do pagador de imposto, de fam\u00edlias que deixam de consumir para pagar\u201d, disse o ministro da Educa\u00e7\u00e3o. \u201cEstamos administrando uma situa\u00e7\u00e3o cr\u00edtica com qualidade t\u00e9cnica\u201d, explicou.<\/p>\n<h2>Demais recursos<\/h2>\n<p>Os demais recursos descontingenciados ser\u00e3o destinados \u00e0 educa\u00e7\u00e3o b\u00e1sica, concess\u00e3o de bolsas de p\u00f3s-gradua\u00e7\u00e3o e realiza\u00e7\u00e3o de exames educacionais, de acordo com o MEC.<\/p>\n<p>Para o Programa Nacional dos Livros Did\u00e1ticos (PNLD), ser\u00e3o destinados R$ 290 milh\u00f5es, o que, segundo o minist\u00e9rio, o que garante a continuidade do programa em 2020. Esse programa visa a compra e distribui\u00e7\u00e3o de livros did\u00e1ticos para escolas p\u00fablicas.<\/p>\n<p>Outros R$ 270 milh\u00f5es ser\u00e3o voltados para o pagamento de bolsas de estudo vigentes concedidas pela Coordena\u00e7\u00e3o de Aperfei\u00e7oamento de Pessoal de N\u00edvel Superior (Capes).<\/p>\n<p>O Instituto Nacional de Estudos e Pesquisas Educacionais (Inep) receber\u00e1 R$ 105 milh\u00f5es para aplica\u00e7\u00e3o de exames e formula\u00e7\u00e3o de pol\u00edticas educacionais.<\/p>\n<p>Fonte: Ag\u00eancia Brasil<\/p>\n","protected":false},"excerpt":{"rendered":"<p>O Minist\u00e9rio da Educa\u00e7\u00e3o (MEC) destinar\u00e1 58% dos recursos desbloqueados para recompor o or\u00e7amento das universidades e institutos federais, anunciou hoje (30), em Bras\u00edlia, o ministro da Educa\u00e7\u00e3o, Abraham Weintraub. Os recursos, segundo o MEC, cobrir\u00e3o despesas de custeio como gastos com \u00e1gua, energia el\u00e9trica, aquisi\u00e7\u00e3o de materiais de consumo e outras presta\u00e7\u00f5es de servi\u00e7o. [&hellip;]<\/p>\n","protected":false},"author":96,"featured_media":148600,"comment_status":"closed","ping_status":"closed","sticky":false,"template":"","format":"standard","meta":{"footnotes":""},"categories":[302,436,440,439],"tags":[],"class_list":["post-148599","post","type-post","status-publish","format-standard","has-post-thumbnail","hentry","category-brasil-mundo","category-destaque-da-semana","category-destaques-do-dia","category-ultima-hora"],"_links":{"self":[{"href":"https:\/\/diarioregionaldigital.com.br\/index.php?rest_route=\/wp\/v2\/posts\/148599","targetHints":{"allow":["GET"]}}],"collection":[{"href":"https:\/\/diarioregionaldigital.com.br\/index.php?rest_route=\/wp\/v2\/posts"}],"about":[{"href":"https:\/\/diarioregionaldigital.com.br\/index.php?rest_route=\/wp\/v2\/types\/post"}],"author":[{"embeddable":true,"href":"https:\/\/diarioregionaldigital.com.br\/index.php?rest_route=\/wp\/v2\/users\/96"}],"replies":[{"embeddable":true,"href":"https:\/\/diarioregionaldigital.com.br\/index.php?rest_route=%2Fwp%2Fv2%2Fcomments&post=148599"}],"version-history":[{"count":0,"href":"https:\/\/diarioregionaldigital.com.br\/index.php?rest_route=\/wp\/v2\/posts\/148599\/revisions"}],"wp:featuredmedia":[{"embeddable":true,"href":"https:\/\/diarioregionaldigital.com.br\/index.php?rest_route=\/wp\/v2\/media\/148600"}],"wp:attachment":[{"href":"https:\/\/diarioregionaldigital.com.br\/index.php?rest_route=%2Fwp%2Fv2%2Fmedia&parent=148599"}],"wp:term":[{"taxonomy":"category","embeddable":true,"href":"https:\/\/diarioregionaldigital.com.br\/index.php?rest_route=%2Fwp%2Fv2%2Fcategories&post=148599"},{"taxonomy":"post_tag","embeddable":true,"href":"https:\/\/diarioregionaldigital.com.br\/index.php?rest_route=%2Fwp%2Fv2%2Ftags&post=148599"}],"curies":[{"name":"wp","href":"https:\/\/api.w.org\/{rel}","templated":true}]}}