{"id":148590,"date":"2019-09-29T06:00:49","date_gmt":"2019-09-29T09:00:49","guid":{"rendered":"https:\/\/diarioregionaldigital.com.br\/?p=148590"},"modified":"2019-09-29T03:16:51","modified_gmt":"2019-09-29T06:16:51","slug":"musical","status":"publish","type":"post","link":"https:\/\/diarioregionaldigital.com.br\/?p=148590","title":{"rendered":"Musical"},"content":{"rendered":"<p style=\"text-align: center;\"><strong>Dores Cr\u00f4nicas<\/strong><\/p>\n<p style=\"text-align: center;\">O Ambulat\u00f3rio Multiprofissional da Dor do Hospital universit\u00e1rio da UFJF realizou com sucesso, a A\u00e7\u00e3o de Conscientiza\u00e7\u00e3o do Dia da Dor. O evento faz parte da campanha mundial realizada pela Associa\u00e7\u00e3o Internacional de Estudo da Dor (IASP). O ato tem como objetivo orientar a popula\u00e7\u00e3o por meio da divulga\u00e7\u00e3o de trabalhos realizados pelo grupo dar informa\u00e7\u00f5es sobre o gerenciamento da dor e os tratamentos com maior evid\u00eancia.<\/p>\n<p style=\"text-align: center;\"><strong>Musical<\/strong><\/p>\n<p style=\"text-align: center;\">O divers\u00e3o em Cena ArcelorMital apresenta o espet\u00e1culo Porquinho. O musical em sua programa\u00e7\u00e3o. A cl\u00e1ssica hist\u00f3ria dos tr\u00eas irm\u00e3o porquinhos adaptada pela Miller produ\u00e7\u00f5es ser\u00e1 encenada no domingo, 29, \u00e0s 16h, no Teatro Solar. Em 2019, o projeto comemora sua 10\u00aa edi\u00e7\u00e3o e entrada \u00e9 gratuita.<\/p>\n<p style=\"text-align: center;\"><strong>Livro<\/strong><\/p>\n<p style=\"text-align: center;\">Transporta o leitor a um est\u00e1gio de \u00eaxtase po\u00e9tico a partir de imagens enigm\u00e1ticas, inusitadas e inebriantes. Essa \u00e9 a proposta do livro \u201c40 Poemas\u201d, da poeta Alexandra Vieira de Almeida, relan\u00e7ado pela editora Penalux. A obra traz textos mais herm\u00e9ticos e on\u00edricos que trafegam pelo imagin\u00e1rio e o inconsciente.<\/p>\n<p style=\"text-align: center;\"><strong>Rua de Lazer<\/strong><\/p>\n<p style=\"text-align: center;\">No domingo, 29, Shopping Jardim Norte promove a 9\u00aa edi\u00e7\u00e3o do projeto Rua de Lazer, com brincadeiras ao ar livre para toda a fam\u00edlia. E o melhor: em um lugar seguro e com atividades l\u00fadicas, ideal para o desenvolvimento saud\u00e1vel das crian\u00e7as. A edi\u00e7\u00e3o deste domingo acontece de 9h \u00e0s 13h, no estacionamento frontal do shopping, pr\u00f3ximo ao Bar do Totonho, e tem atividades gratuitas!<\/p>\n<p style=\"text-align: center;\"><span style=\"font-size: 12pt;\"><strong>Melhores de 2019<\/strong><\/span><\/p>\n<p style=\"text-align: center;\">Mulheres lindas, homens de atitude e gente 5 estrelas j\u00e1 confirmaram na festa que vai comemorar os 31 anos de colunismo do t\u00edtulo desta p\u00e1gina, dia 8 de outubro, no Trade Hotel com refinamento total.<\/p>\n<div id=\"attachment_148509\" style=\"width: 690px\" class=\"wp-caption aligncenter\"><img loading=\"lazy\" decoding=\"async\" aria-describedby=\"caption-attachment-148509\" class=\"wp-image-148509\" src=\"https:\/\/diarioregionaldigital.com.br\/wp-content\/uploads\/2019\/09\/fotoa-19-e1569536085306.jpg\" alt=\"\" width=\"680\" height=\"554\" srcset=\"https:\/\/diarioregionaldigital.com.br\/wp-content\/uploads\/2019\/09\/fotoa-19-e1569536085306.jpg 1164w, https:\/\/diarioregionaldigital.com.br\/wp-content\/uploads\/2019\/09\/fotoa-19-e1569536085306-300x244.jpg 300w, https:\/\/diarioregionaldigital.com.br\/wp-content\/uploads\/2019\/09\/fotoa-19-e1569536085306-768x625.jpg 768w, https:\/\/diarioregionaldigital.com.br\/wp-content\/uploads\/2019\/09\/fotoa-19-e1569536085306-1024x834.jpg 1024w, https:\/\/diarioregionaldigital.com.br\/wp-content\/uploads\/2019\/09\/fotoa-19-e1569536085306-220x180.jpg 220w, https:\/\/diarioregionaldigital.com.br\/wp-content\/uploads\/2019\/09\/fotoa-19-e1569536085306-360x293.jpg 360w\" sizes=\"auto, (max-width: 680px) 100vw, 680px\" \/><p id=\"caption-attachment-148509\" class=\"wp-caption-text\">Aniversariando e abrindo a primavera com sua luz pr\u00f3pria, a bela B\u00e1rbara Moreira<\/p><\/div>\n<div id=\"attachment_148510\" style=\"width: 690px\" class=\"wp-caption aligncenter\"><img loading=\"lazy\" decoding=\"async\" aria-describedby=\"caption-attachment-148510\" class=\"wp-image-148510\" src=\"https:\/\/diarioregionaldigital.com.br\/wp-content\/uploads\/2019\/09\/fotob-18-e1569736841718.jpg\" alt=\"\" width=\"680\" height=\"538\" srcset=\"https:\/\/diarioregionaldigital.com.br\/wp-content\/uploads\/2019\/09\/fotob-18-e1569736841718.jpg 1176w, https:\/\/diarioregionaldigital.com.br\/wp-content\/uploads\/2019\/09\/fotob-18-e1569736841718-300x238.jpg 300w, https:\/\/diarioregionaldigital.com.br\/wp-content\/uploads\/2019\/09\/fotob-18-e1569736841718-768x608.jpg 768w, https:\/\/diarioregionaldigital.com.br\/wp-content\/uploads\/2019\/09\/fotob-18-e1569736841718-1024x811.jpg 1024w, https:\/\/diarioregionaldigital.com.br\/wp-content\/uploads\/2019\/09\/fotob-18-e1569736841718-360x285.jpg 360w\" sizes=\"auto, (max-width: 680px) 100vw, 680px\" \/><p id=\"caption-attachment-148510\" class=\"wp-caption-text\">No Orizzonte no Ch\u00e1 Solid\u00e1rio, Sandra Cordeiro e Padre Pierre<\/p><\/div>\n<div id=\"attachment_148511\" style=\"width: 690px\" class=\"wp-caption aligncenter\"><img loading=\"lazy\" decoding=\"async\" aria-describedby=\"caption-attachment-148511\" class=\"wp-image-148511\" src=\"https:\/\/diarioregionaldigital.com.br\/wp-content\/uploads\/2019\/09\/fotoc-18-e1569736869944.jpg\" alt=\"\" width=\"680\" height=\"505\" srcset=\"https:\/\/diarioregionaldigital.com.br\/wp-content\/uploads\/2019\/09\/fotoc-18-e1569736869944.jpg 1046w, https:\/\/diarioregionaldigital.com.br\/wp-content\/uploads\/2019\/09\/fotoc-18-e1569736869944-300x223.jpg 300w, https:\/\/diarioregionaldigital.com.br\/wp-content\/uploads\/2019\/09\/fotoc-18-e1569736869944-768x570.jpg 768w, https:\/\/diarioregionaldigital.com.br\/wp-content\/uploads\/2019\/09\/fotoc-18-e1569736869944-1024x761.jpg 1024w, https:\/\/diarioregionaldigital.com.br\/wp-content\/uploads\/2019\/09\/fotoc-18-e1569736869944-360x267.jpg 360w\" sizes=\"auto, (max-width: 680px) 100vw, 680px\" \/><p id=\"caption-attachment-148511\" class=\"wp-caption-text\">Encontro de casal Butterflay em Vars\u00f3via, Luciane Ribeiro e Otaciano Avidago<\/p><\/div>\n<div id=\"attachment_148512\" style=\"width: 690px\" class=\"wp-caption aligncenter\"><img loading=\"lazy\" decoding=\"async\" aria-describedby=\"caption-attachment-148512\" class=\"wp-image-148512\" src=\"https:\/\/diarioregionaldigital.com.br\/wp-content\/uploads\/2019\/09\/fotod-16-e1569736904597.jpg\" alt=\"\" width=\"680\" height=\"467\" srcset=\"https:\/\/diarioregionaldigital.com.br\/wp-content\/uploads\/2019\/09\/fotod-16-e1569736904597.jpg 1164w, https:\/\/diarioregionaldigital.com.br\/wp-content\/uploads\/2019\/09\/fotod-16-e1569736904597-300x206.jpg 300w, https:\/\/diarioregionaldigital.com.br\/wp-content\/uploads\/2019\/09\/fotod-16-e1569736904597-768x527.jpg 768w, https:\/\/diarioregionaldigital.com.br\/wp-content\/uploads\/2019\/09\/fotod-16-e1569736904597-1024x703.jpg 1024w, https:\/\/diarioregionaldigital.com.br\/wp-content\/uploads\/2019\/09\/fotod-16-e1569736904597-360x247.jpg 360w, https:\/\/diarioregionaldigital.com.br\/wp-content\/uploads\/2019\/09\/fotod-16-e1569736904597-100x70.jpg 100w\" sizes=\"auto, (max-width: 680px) 100vw, 680px\" \/><p id=\"caption-attachment-148512\" class=\"wp-caption-text\">Na reinaugura\u00e7\u00e3o da MultSa\u00fade na Galeria Z\u00e9 Kodak, 2\u00ba piso, Malena Almeida, Marcus Larrupia, Marcelle Oliveira (presidente) e William Andrade<\/p><\/div>\n<div id=\"attachment_148513\" style=\"width: 690px\" class=\"wp-caption aligncenter\"><img loading=\"lazy\" decoding=\"async\" aria-describedby=\"caption-attachment-148513\" class=\"wp-image-148513\" src=\"https:\/\/diarioregionaldigital.com.br\/wp-content\/uploads\/2019\/09\/fotoe-16-e1569736927898.jpg\" alt=\"\" width=\"680\" height=\"494\" srcset=\"https:\/\/diarioregionaldigital.com.br\/wp-content\/uploads\/2019\/09\/fotoe-16-e1569736927898.jpg 1182w, https:\/\/diarioregionaldigital.com.br\/wp-content\/uploads\/2019\/09\/fotoe-16-e1569736927898-300x218.jpg 300w, https:\/\/diarioregionaldigital.com.br\/wp-content\/uploads\/2019\/09\/fotoe-16-e1569736927898-768x558.jpg 768w, https:\/\/diarioregionaldigital.com.br\/wp-content\/uploads\/2019\/09\/fotoe-16-e1569736927898-1024x744.jpg 1024w, https:\/\/diarioregionaldigital.com.br\/wp-content\/uploads\/2019\/09\/fotoe-16-e1569736927898-360x262.jpg 360w\" sizes=\"auto, (max-width: 680px) 100vw, 680px\" \/><p id=\"caption-attachment-148513\" class=\"wp-caption-text\">Em Tiradentes turistando: Gusto Alc\u00e2ntara e Claudia Figueiredo<\/p><\/div>\n<div id=\"attachment_148514\" style=\"width: 690px\" class=\"wp-caption aligncenter\"><img loading=\"lazy\" decoding=\"async\" aria-describedby=\"caption-attachment-148514\" class=\"wp-image-148514\" src=\"https:\/\/diarioregionaldigital.com.br\/wp-content\/uploads\/2019\/09\/fotof-18.jpg\" alt=\"\" width=\"680\" height=\"453\" srcset=\"https:\/\/diarioregionaldigital.com.br\/wp-content\/uploads\/2019\/09\/fotof-18.jpg 1758w, https:\/\/diarioregionaldigital.com.br\/wp-content\/uploads\/2019\/09\/fotof-18-300x200.jpg 300w, https:\/\/diarioregionaldigital.com.br\/wp-content\/uploads\/2019\/09\/fotof-18-768x511.jpg 768w, https:\/\/diarioregionaldigital.com.br\/wp-content\/uploads\/2019\/09\/fotof-18-1024x682.jpg 1024w, https:\/\/diarioregionaldigital.com.br\/wp-content\/uploads\/2019\/09\/fotof-18-360x240.jpg 360w\" sizes=\"auto, (max-width: 680px) 100vw, 680px\" \/><p id=\"caption-attachment-148514\" class=\"wp-caption-text\">Presen\u00e7as categorizadas para a festa deste colunista os Melhores de 2019 os delegados Carlos Eduardo Rodrigues e \u00c2ngela Fellet<\/p><\/div>\n<div id=\"attachment_148515\" style=\"width: 690px\" class=\"wp-caption aligncenter\"><img loading=\"lazy\" decoding=\"async\" aria-describedby=\"caption-attachment-148515\" class=\"wp-image-148515\" src=\"https:\/\/diarioregionaldigital.com.br\/wp-content\/uploads\/2019\/09\/fotog-19.jpg\" alt=\"\" width=\"680\" height=\"453\" srcset=\"https:\/\/diarioregionaldigital.com.br\/wp-content\/uploads\/2019\/09\/fotog-19.jpg 1764w, https:\/\/diarioregionaldigital.com.br\/wp-content\/uploads\/2019\/09\/fotog-19-300x200.jpg 300w, https:\/\/diarioregionaldigital.com.br\/wp-content\/uploads\/2019\/09\/fotog-19-768x512.jpg 768w, https:\/\/diarioregionaldigital.com.br\/wp-content\/uploads\/2019\/09\/fotog-19-1024x683.jpg 1024w, https:\/\/diarioregionaldigital.com.br\/wp-content\/uploads\/2019\/09\/fotog-19-360x240.jpg 360w\" sizes=\"auto, (max-width: 680px) 100vw, 680px\" \/><p id=\"caption-attachment-148515\" class=\"wp-caption-text\">Em Barcelona curtindo fl\u00fcts de champ\u00e3, os antenados, James Fernando, Rodrigo Bissoli e Laerte Pinto<\/p><\/div>\n<div id=\"attachment_148516\" style=\"width: 690px\" class=\"wp-caption aligncenter\"><img loading=\"lazy\" decoding=\"async\" aria-describedby=\"caption-attachment-148516\" class=\"wp-image-148516\" src=\"https:\/\/diarioregionaldigital.com.br\/wp-content\/uploads\/2019\/09\/fotoh-18-e1569736984535.jpg\" alt=\"\" width=\"680\" height=\"501\" srcset=\"https:\/\/diarioregionaldigital.com.br\/wp-content\/uploads\/2019\/09\/fotoh-18-e1569736984535.jpg 1170w, https:\/\/diarioregionaldigital.com.br\/wp-content\/uploads\/2019\/09\/fotoh-18-e1569736984535-300x221.jpg 300w, https:\/\/diarioregionaldigital.com.br\/wp-content\/uploads\/2019\/09\/fotoh-18-e1569736984535-768x566.jpg 768w, https:\/\/diarioregionaldigital.com.br\/wp-content\/uploads\/2019\/09\/fotoh-18-e1569736984535-1024x754.jpg 1024w, https:\/\/diarioregionaldigital.com.br\/wp-content\/uploads\/2019\/09\/fotoh-18-e1569736984535-360x265.jpg 360w\" sizes=\"auto, (max-width: 680px) 100vw, 680px\" \/><p id=\"caption-attachment-148516\" class=\"wp-caption-text\">Em ritmo de doce-far-niente em Portugal, Kin Lopes, Douglas Tomaz, Sydney Castro e Guilherme Guizelli<\/p><\/div>\n<div id=\"attachment_148517\" style=\"width: 690px\" class=\"wp-caption aligncenter\"><img loading=\"lazy\" decoding=\"async\" aria-describedby=\"caption-attachment-148517\" class=\"wp-image-148517\" src=\"https:\/\/diarioregionaldigital.com.br\/wp-content\/uploads\/2019\/09\/fotoi-18-e1569737014827.jpg\" alt=\"\" width=\"680\" height=\"478\" srcset=\"https:\/\/diarioregionaldigital.com.br\/wp-content\/uploads\/2019\/09\/fotoi-18-e1569737014827.jpg 860w, https:\/\/diarioregionaldigital.com.br\/wp-content\/uploads\/2019\/09\/fotoi-18-e1569737014827-300x210.jpg 300w, https:\/\/diarioregionaldigital.com.br\/wp-content\/uploads\/2019\/09\/fotoi-18-e1569737014827-768x539.jpg 768w, https:\/\/diarioregionaldigital.com.br\/wp-content\/uploads\/2019\/09\/fotoi-18-e1569737014827-360x253.jpg 360w, https:\/\/diarioregionaldigital.com.br\/wp-content\/uploads\/2019\/09\/fotoi-18-e1569737014827-100x70.jpg 100w\" sizes=\"auto, (max-width: 680px) 100vw, 680px\" \/><p id=\"caption-attachment-148517\" class=\"wp-caption-text\">Novamente na final do Rainha da Primavera ASE 2019, a bela Emilainy Werneck<\/p><\/div>\n<div id=\"attachment_148518\" style=\"width: 690px\" class=\"wp-caption aligncenter\"><img loading=\"lazy\" decoding=\"async\" aria-describedby=\"caption-attachment-148518\" class=\"wp-image-148518\" src=\"https:\/\/diarioregionaldigital.com.br\/wp-content\/uploads\/2019\/09\/fotoj-17-e1569737038474.jpg\" alt=\"\" width=\"680\" height=\"551\" srcset=\"https:\/\/diarioregionaldigital.com.br\/wp-content\/uploads\/2019\/09\/fotoj-17-e1569737038474.jpg 1176w, https:\/\/diarioregionaldigital.com.br\/wp-content\/uploads\/2019\/09\/fotoj-17-e1569737038474-300x243.jpg 300w, https:\/\/diarioregionaldigital.com.br\/wp-content\/uploads\/2019\/09\/fotoj-17-e1569737038474-768x622.jpg 768w, https:\/\/diarioregionaldigital.com.br\/wp-content\/uploads\/2019\/09\/fotoj-17-e1569737038474-1024x830.jpg 1024w, https:\/\/diarioregionaldigital.com.br\/wp-content\/uploads\/2019\/09\/fotoj-17-e1569737038474-360x292.jpg 360w\" sizes=\"auto, (max-width: 680px) 100vw, 680px\" \/><p id=\"caption-attachment-148518\" class=\"wp-caption-text\">O Mister Gay Minas Gerais 2019, Wesley Ferry faz sucesso no Rio de Janeiro<\/p><\/div>\n<p style=\"text-align: center;\"><strong>FOTOSS\u00cdNTESE<\/strong><\/p>\n<p>A Vaporetto lan\u00e7ou campanha solid\u00e1ria e segue at\u00e9 31 de outubro (de quarta a domingo) que tem como refer\u00eancia a quem doar sangue no Hemominas, ter\u00e1 50% de desconto no rod\u00edzio de massas Hemominas, para Carolina Campos.<\/p>\n<p>Em cena bom lugar, j\u00e1 est\u00e3o abertas as inscri\u00e7\u00f5es para a Semana de Turismo da UFJF. A abertura ser\u00e1 dia 1\u00ba de outubro, com o tema a liberdade de ir e vir de turistas que dependem de sistema de acessibilidade.<\/p>\n<p>Erika Beire e N\u00e1dia Justi estar\u00e3o lindas no Bloco S\u00f3 Love, hoje, das 13h \u00e0s 20h, na festa Love is in The Air, no Trade Hotel.<\/p>\n<p>Pontualmente \u00e0s 21h30, o cantor Ney Matogrosso, sobe ao palco do Cine Theatro Central, no dia 12 de outubro, para apresentar o show \u201cBloco na Rua\u201d.<\/p>\n<p>Com brindes, convites de shows, gastronomia mundial e bebidas nacionais e internacionais ser\u00e1 encerrado neste domingo (29), no Independ\u00eancia Shopping, o evento Sabores do Mundo.<\/p>\n<p>Agendado para 03 de outubro, no Trade Hotel o super evento Masterclass \u2013Vinhos Brasileiros.<\/p>\n<p>Ser\u00e1 no domingo (29), no Hotel Green Hill, \u00e0s 9h, a comemora\u00e7\u00e3o do Dia do Idoso. A iniciativa de Rachel Menezes (Cia Cuidadores) e Jardel Trindade (Influence Bem Estar) lideram o encontro \u201cIdosos, formas especiais de amor\u201d.<\/p>\n<p>Com o bairro Novo Horizonte como refer\u00eancia, ser\u00e1 no domingo(29), o festival liter\u00e1rio para festejar os dias anos da Sociedade Espiritual Primavera.<\/p>\n<p>Emilainy Werneck e Gisele Mello s\u00e3o fortes candidatas para a final da elei\u00e7\u00e3o da Rainha da Primavera ASE 2019.<\/p>\n<p>Para incluir: O que pode a arte na escola? Criando pe\u00e7as, desenhando , pintando e colorindo, revela as possibilidade da cria\u00e7\u00e3o. Bom dia.<\/p>\n<p><img loading=\"lazy\" decoding=\"async\" class=\"aligncenter size-full wp-image-148172\" src=\"https:\/\/diarioregionaldigital.com.br\/wp-content\/uploads\/2019\/09\/arte-coluna-social-2-NOVO.png\" alt=\"\" width=\"3508\" height=\"709\" srcset=\"https:\/\/diarioregionaldigital.com.br\/wp-content\/uploads\/2019\/09\/arte-coluna-social-2-NOVO.png 3508w, https:\/\/diarioregionaldigital.com.br\/wp-content\/uploads\/2019\/09\/arte-coluna-social-2-NOVO-300x61.png 300w, https:\/\/diarioregionaldigital.com.br\/wp-content\/uploads\/2019\/09\/arte-coluna-social-2-NOVO-768x155.png 768w, https:\/\/diarioregionaldigital.com.br\/wp-content\/uploads\/2019\/09\/arte-coluna-social-2-NOVO-1024x207.png 1024w, https:\/\/diarioregionaldigital.com.br\/wp-content\/uploads\/2019\/09\/arte-coluna-social-2-NOVO-360x73.png 360w\" sizes=\"auto, (max-width: 3508px) 100vw, 3508px\" \/><\/p>\n","protected":false},"excerpt":{"rendered":"<p>Dores Cr\u00f4nicas O Ambulat\u00f3rio Multiprofissional da Dor do Hospital universit\u00e1rio da UFJF realizou com sucesso, a A\u00e7\u00e3o de Conscientiza\u00e7\u00e3o do Dia da Dor. O evento faz parte da campanha mundial realizada pela Associa\u00e7\u00e3o Internacional de Estudo da Dor (IASP). O ato tem como objetivo orientar a popula\u00e7\u00e3o por meio da divulga\u00e7\u00e3o de trabalhos realizados pelo [&hellip;]<\/p>\n","protected":false},"author":96,"featured_media":148509,"comment_status":"closed","ping_status":"closed","sticky":false,"template":"","format":"standard","meta":{"footnotes":""},"categories":[264],"tags":[],"class_list":["post-148590","post","type-post","status-publish","format-standard","has-post-thumbnail","hentry","category-eduardo-gomes"],"_links":{"self":[{"href":"https:\/\/diarioregionaldigital.com.br\/index.php?rest_route=\/wp\/v2\/posts\/148590","targetHints":{"allow":["GET"]}}],"collection":[{"href":"https:\/\/diarioregionaldigital.com.br\/index.php?rest_route=\/wp\/v2\/posts"}],"about":[{"href":"https:\/\/diarioregionaldigital.com.br\/index.php?rest_route=\/wp\/v2\/types\/post"}],"author":[{"embeddable":true,"href":"https:\/\/diarioregionaldigital.com.br\/index.php?rest_route=\/wp\/v2\/users\/96"}],"replies":[{"embeddable":true,"href":"https:\/\/diarioregionaldigital.com.br\/index.php?rest_route=%2Fwp%2Fv2%2Fcomments&post=148590"}],"version-history":[{"count":0,"href":"https:\/\/diarioregionaldigital.com.br\/index.php?rest_route=\/wp\/v2\/posts\/148590\/revisions"}],"wp:featuredmedia":[{"embeddable":true,"href":"https:\/\/diarioregionaldigital.com.br\/index.php?rest_route=\/wp\/v2\/media\/148509"}],"wp:attachment":[{"href":"https:\/\/diarioregionaldigital.com.br\/index.php?rest_route=%2Fwp%2Fv2%2Fmedia&parent=148590"}],"wp:term":[{"taxonomy":"category","embeddable":true,"href":"https:\/\/diarioregionaldigital.com.br\/index.php?rest_route=%2Fwp%2Fv2%2Fcategories&post=148590"},{"taxonomy":"post_tag","embeddable":true,"href":"https:\/\/diarioregionaldigital.com.br\/index.php?rest_route=%2Fwp%2Fv2%2Ftags&post=148590"}],"curies":[{"name":"wp","href":"https:\/\/api.w.org\/{rel}","templated":true}]}}